{"id":2627,"date":"2023-10-26T17:30:09","date_gmt":"2023-10-26T17:30:09","guid":{"rendered":"https:\/\/www.austral.edu.ar\/escueladegobierno\/casoteca\/?p=2627"},"modified":"2023-11-10T19:58:35","modified_gmt":"2023-11-10T19:58:35","slug":"conclusiones-y-desafios","status":"publish","type":"post","link":"https:\/\/www.austral.edu.ar\/escueladegobierno\/casoteca\/index.php\/2023\/10\/26\/conclusiones-y-desafios\/","title":{"rendered":"LA AGENCIA DE APRENDIZAJE A LO LARGO DE LA VIDA:REFERENTE DE LA EDUCACI\u00d3N PARA EL TRABAJO EN CABA"},"content":{"rendered":"\n<h1 class=\"wp-block-heading\">LA AGENCIA DE APRENDIZAJE A LO LARGO DE LA VIDA:REFERENTE DE LA EDUCACI\u00d3N PARA EL TRABAJO EN CABA<\/h1>\n\n\n\n<p><\/p>\n\n\n\n<h4 class=\"wp-block-heading has-medium-font-size\"><strong>Caso completo<\/strong>:<\/h4>\n\n\n\n<div class=\"wp-block-buttons is-layout-flex wp-block-buttons-is-layout-flex\">\n<div class=\"wp-block-button has-custom-font-size is-style-fill has-small-font-size\"><a class=\"wp-block-button__link has-white-color has-pale-pink-background-color has-text-color has-background has-text-align-left wp-element-button\" href=\"https:\/\/www.austral.edu.ar\/wp-content\/uploads\/2023\/11\/CASOTECA-LA-AGENCIA-DE-APRENDIZAJE.pdf\" style=\"border-radius:5px\">Ver Caso Completo<\/a><\/div>\n<\/div>\n\n\n\n<p><\/p>\n\n\n\n<p><\/p>\n\n\n\n<p class=\"has-medium-font-size\"><strong>Autores<\/strong>:<\/p>\n\n\n\n<p>Juan Ignacio Gowland<\/p>\n\n\n\n<p>Sebasti\u00e1n Ibarra<\/p>\n\n\n\n<p>Gast\u00f3n Kelly<\/p>\n\n\n\n<p><\/p>\n\n\n\n<p class=\"has-medium-font-size\"><strong>Resumen:<\/strong><\/p>\n\n\n\n<p>Diversos diagn\u00f3sticos se\u00f1alaron que el sistema educativo de la ciudad de Buenos Aires no lograba cubrir de manera eficiente las necesidades de talento de los sectores productivos prioritarios. De ah\u00ed se fij\u00f3 un objetivo concreto de apoyar a las empresas de la Ciudad para que la escasez de talento no sea una limitaci\u00f3n al crecimiento. A la vez dar respuestas m\u00e1s all\u00e1 de la educaci\u00f3n obligatoria a las necesidades de formaci\u00f3n para el trabajo que en un contexto, global, de velocidad del cambio tecnol\u00f3gico, pero tambi\u00e9n de crisis econ\u00f3mica y social local demanda respuestas \u00e1giles de las pol\u00edticas p\u00fablicas.<\/p>\n\n\n\n<p>Frente a estos desaf\u00edos, la Agencia de Aprendizaje a lo largo de la Vida del Ministerio de Educaci\u00f3n de la Ciudad de Buenos Aires es un interesante caso de estudio ya que busca resolver dicha problem\u00e1tica promoviendo la innovaci\u00f3n p\u00fablica en sus curr\u00edculas y metodolog\u00edas pedag\u00f3gicas, as\u00ed como mediante una vinculaci\u00f3n permanente con el sector privado y organizaciones de la sociedad civil, de manera de potenciar y alinear estrat\u00e9gicamente las propuestas de formaci\u00f3n y capacitaci\u00f3n.<\/p>\n","protected":false},"excerpt":{"rendered":"<p>LA AGENCIA DE APRENDIZAJE A LO LARGO DE LA VIDA:REFERENTE DE LA EDUCACI\u00d3N PARA EL TRABAJO EN CABA Caso completo: Autores: Juan Ignacio Gowland Sebasti\u00e1n Ibarra Gast\u00f3n Kelly Resumen: Diversos diagn\u00f3sticos se\u00f1alaron que el sistema educativo de la ciudad de Buenos Aires no lograba cubrir de manera eficiente las necesidades de talento de los sectores [&hellip;]<\/p>\n","protected":false},"author":12008,"featured_media":0,"comment_status":"open","ping_status":"open","sticky":false,"template":"","format":"standard","meta":{"footnotes":""},"categories":[1],"tags":[],"_links":{"self":[{"href":"https:\/\/www.austral.edu.ar\/escueladegobierno\/casoteca\/index.php\/wp-json\/wp\/v2\/posts\/2627"}],"collection":[{"href":"https:\/\/www.austral.edu.ar\/escueladegobierno\/casoteca\/index.php\/wp-json\/wp\/v2\/posts"}],"about":[{"href":"https:\/\/www.austral.edu.ar\/escueladegobierno\/casoteca\/index.php\/wp-json\/wp\/v2\/types\/post"}],"author":[{"embeddable":true,"href":"https:\/\/www.austral.edu.ar\/escueladegobierno\/casoteca\/index.php\/wp-json\/wp\/v2\/users\/12008"}],"replies":[{"embeddable":true,"href":"https:\/\/www.austral.edu.ar\/escueladegobierno\/casoteca\/index.php\/wp-json\/wp\/v2\/comments?post=2627"}],"version-history":[{"count":12,"href":"https:\/\/www.austral.edu.ar\/escueladegobierno\/casoteca\/index.php\/wp-json\/wp\/v2\/posts\/2627\/revisions"}],"predecessor-version":[{"id":2706,"href":"https:\/\/www.austral.edu.ar\/escueladegobierno\/casoteca\/index.php\/wp-json\/wp\/v2\/posts\/2627\/revisions\/2706"}],"wp:attachment":[{"href":"https:\/\/www.austral.edu.ar\/escueladegobierno\/casoteca\/index.php\/wp-json\/wp\/v2\/media?parent=2627"}],"wp:term":[{"taxonomy":"category","embeddable":true,"href":"https:\/\/www.austral.edu.ar\/escueladegobierno\/casoteca\/index.php\/wp-json\/wp\/v2\/categories?post=2627"},{"taxonomy":"post_tag","embeddable":true,"href":"https:\/\/www.austral.edu.ar\/escueladegobierno\/casoteca\/index.php\/wp-json\/wp\/v2\/tags?post=2627"}],"curies":[{"name":"wp","href":"https:\/\/api.w.org\/{rel}","templated":true}]}}