{"id":2501,"date":"2020-11-17T12:20:56","date_gmt":"2020-11-17T12:20:56","guid":{"rendered":"www.austral.edu.ar\/escueladegobierno\/casoteca\/?p=2501"},"modified":"2020-11-17T18:46:26","modified_gmt":"2020-11-17T18:46:26","slug":"integracion-social-y-urbana-ct-c33-arprisu","status":"publish","type":"post","link":"https:\/\/www.austral.edu.ar\/escueladegobierno\/casoteca\/index.php\/2020\/11\/17\/integracion-social-y-urbana-ct-c33-arprisu\/","title":{"rendered":"Integraci\u00f3n Social y Urbana en la Ciudad de Buenos Aires (CT-C33-ARPRISU)"},"content":{"rendered":"\n<p><strong>A\u00f1o: <\/strong>2020<\/p>\n\n\n\n<p><strong>T\u00edtulo:<\/strong> \u00bfEs posible una transformaci\u00f3n profunda, efectiva y escalable de los barrios populares a trav\u00e9s de la participaci\u00f3n comunitaria? El&nbsp; caso de Integraci\u00f3n Social y Urbana de Villa 20, Rodrigo Bueno y Play\u00f3n de Chacarita.<\/p>\n\n\n\n<p><strong>Autores:<\/strong> Juan Maquieyra y Mar\u00eda Migliore.<\/p>\n\n\n\n<p><strong>C\u00f3digo Casoteca<\/strong>:\u00a0<em>CT-C33-ARPRISU<\/em><\/p>\n\n\n\n<p><strong>Link: <\/strong><a href=\"https:\/\/cutt.ly\/Tg5tqwi\">https:\/\/cutt.ly\/Tg5tqwi<\/a><\/p>\n\n\n\n<p><strong>Introducci\u00f3n<\/strong><\/p>\n\n\n\n<p>El problema del acceso a la vivienda adecuada es uno de los problemas sociales m\u00e1s urgentes, en Am\u00e9rica Latina y en los pa\u00edses en desarrollo en general. En Argentina, hay alrededor de 4 millones de personas, 930.000 familias, que viven en barrios populares seg\u00fan el Relevamiento de Barrios Populares. Este caso presenta una propuesta innovadora para transformar la realidad de los barrios, una serie de lecciones aprendidas y nuevas preguntas para seguir pensando c\u00f3mo abordar esta problem\u00e1tica.<\/p>\n\n\n\n<p>A finales del 2015, el nuevo Gobierno de la Ciudad de Buenos Aires toma la decisi\u00f3n pol\u00edtica de integrar los barrios populares a la Ciudad y el Instituto de la Vivienda de la Ciudad de Buenos Aires (IVC) asume la responsabilidad de trabajar en esta l\u00ednea.<\/p>\n\n\n\n<p>A trav\u00e9s de un extenso proceso de deliberaci\u00f3n democr\u00e1tica, el programa de Integraci\u00f3n Social y Urbana del IVC, involucra a los vecinos y vecinas en el dise\u00f1o y la implementaci\u00f3n de la intervenci\u00f3n. El proceso de deliberaci\u00f3n es masivo, profundo y efectivo.<\/p>\n\n\n\n<p>El caso de los barrios Villa 20, Rodrigo Bueno y Play\u00f3n de Chacarita, presenta una nueva forma de implementar una pol\u00edtica urbana, innovando no s\u00f3lo en el abordaje integral del programa, sino en la forma de llevarlo adelante por medio de la participaci\u00f3n comunitaria. Si bien la participaci\u00f3n en los \u00faltimos tiempos se ha convertido en un metarrelato de la pol\u00edtica p\u00fablica, son pocos los casos como este donde la decisi\u00f3n comunitaria es realmente vinculante, afectando profundamente la vida de los ciudadanos.<\/p>\n\n\n\n<hr class=\"wp-block-separator\"\/>\n","protected":false},"excerpt":{"rendered":"<p>A\u00f1o: 2020 T\u00edtulo: \u00bfEs posible una transformaci\u00f3n profunda, efectiva y escalable de los barrios populares a trav\u00e9s de la participaci\u00f3n comunitaria? El&nbsp; caso de Integraci\u00f3n Social y Urbana de Villa 20, Rodrigo Bueno y Play\u00f3n de Chacarita. Autores: Juan Maquieyra y Mar\u00eda Migliore. C\u00f3digo Casoteca:\u00a0CT-C33-ARPRISU Link: https:\/\/cutt.ly\/Tg5tqwi Introducci\u00f3n El problema del acceso a la vivienda [&hellip;]<\/p>\n","protected":false},"author":9756,"featured_media":2246,"comment_status":"open","ping_status":"open","sticky":false,"template":"","format":"standard","meta":{"footnotes":""},"categories":[30],"tags":[154,50,152],"_links":{"self":[{"href":"https:\/\/www.austral.edu.ar\/escueladegobierno\/casoteca\/index.php\/wp-json\/wp\/v2\/posts\/2501"}],"collection":[{"href":"https:\/\/www.austral.edu.ar\/escueladegobierno\/casoteca\/index.php\/wp-json\/wp\/v2\/posts"}],"about":[{"href":"https:\/\/www.austral.edu.ar\/escueladegobierno\/casoteca\/index.php\/wp-json\/wp\/v2\/types\/post"}],"author":[{"embeddable":true,"href":"https:\/\/www.austral.edu.ar\/escueladegobierno\/casoteca\/index.php\/wp-json\/wp\/v2\/users\/9756"}],"replies":[{"embeddable":true,"href":"https:\/\/www.austral.edu.ar\/escueladegobierno\/casoteca\/index.php\/wp-json\/wp\/v2\/comments?post=2501"}],"version-history":[{"count":14,"href":"https:\/\/www.austral.edu.ar\/escueladegobierno\/casoteca\/index.php\/wp-json\/wp\/v2\/posts\/2501\/revisions"}],"predecessor-version":[{"id":2518,"href":"https:\/\/www.austral.edu.ar\/escueladegobierno\/casoteca\/index.php\/wp-json\/wp\/v2\/posts\/2501\/revisions\/2518"}],"wp:featuredmedia":[{"embeddable":true,"href":"https:\/\/www.austral.edu.ar\/escueladegobierno\/casoteca\/index.php\/wp-json\/wp\/v2\/media\/2246"}],"wp:attachment":[{"href":"https:\/\/www.austral.edu.ar\/escueladegobierno\/casoteca\/index.php\/wp-json\/wp\/v2\/media?parent=2501"}],"wp:term":[{"taxonomy":"category","embeddable":true,"href":"https:\/\/www.austral.edu.ar\/escueladegobierno\/casoteca\/index.php\/wp-json\/wp\/v2\/categories?post=2501"},{"taxonomy":"post_tag","embeddable":true,"href":"https:\/\/www.austral.edu.ar\/escueladegobierno\/casoteca\/index.php\/wp-json\/wp\/v2\/tags?post=2501"}],"curies":[{"name":"wp","href":"https:\/\/api.w.org\/{rel}","templated":true}]}}