{"id":2479,"date":"2017-10-16T22:03:51","date_gmt":"2017-10-16T22:03:51","guid":{"rendered":"http:\/\/www.austral.edu.ar\/escueladegobierno\/casoteca\/?p=2479"},"modified":"2023-11-22T19:45:17","modified_gmt":"2023-11-22T19:45:17","slug":"diseno-e-instauracion-del-s-u-b-e-ct-c34-arnctrn","status":"publish","type":"post","link":"https:\/\/www.austral.edu.ar\/escueladegobierno\/casoteca\/index.php\/2017\/10\/16\/diseno-e-instauracion-del-s-u-b-e-ct-c34-arnctrn\/","title":{"rendered":"Dise\u00f1o e instauraci\u00f3n del S.U.B.E. (CT-C34-ARNCTRN)"},"content":{"rendered":"<h1>Dise\u00f1o e instauraci\u00f3n del Sistema \u00danico de Boleto Electr\u00f3nico (SUBE): El arte de adaptarse a los imponderables<\/h1>\n<p><strong>C\u00f3digo Casoteca<\/strong>: <em>CT-C34-ARNCTRN<\/em><\/p>\n<p><strong>Autores<\/strong>: Rodrigo de Dios y Tomas Andr\u00e9s Kidd<\/p>\n<h4><strong>Caso completo<\/strong>:<\/h4>\n<p><a class=\"vc_gitem-link vc_general vc_btn3 vc_btn3-size-md vc_btn3-shape-rounded vc_btn3-style-modern vc_btn3-color-purple\" title=\"Ver Caso\" href=\"https:\/\/www.austral.edu.ar\/escueladegobierno\/casoteca\/wp-content\/uploads\/2018\/03\/34.-SUBE-v2.pdf\">Ver Caso Completo<\/a><\/p>\n<p><b>Resumen:<\/b><\/p>\n<div class=\"page\" title=\"Page 1\">\n<div class=\"layoutArea\">\n<div class=\"column\">\n<div class=\"page\" title=\"Page 1\">\n<div class=\"layoutArea\">\n<div class=\"column\">\n<p>La preocupaci\u00f3n por los v\u00ednculos entre el sistema educativo y el trabajo ha sido un tema siempre presente en la pol\u00edtica educativa. Desde la concepci\u00f3n de los sistemas educativos modernos hasta nuestros d\u00edas, partiendo de contextos y premisas diferentes, las pol\u00edticas educativas abordaron la dimensi\u00f3n del trabajo. En l\u00edneas generales, la premisa es que la educaci\u00f3n es una variable central en el desarrollo econ\u00f3mico y productivo de un pa\u00eds. En los \u00faltimos a\u00f1os, adem\u00e1s, esta preocupaci\u00f3n tom\u00f3 un nuevo impulso, especialmente asociado con las posibilidades que brinda un sistema educativo orientado al trabajo para mejorar la inserci\u00f3n laboral y disminuir el desempleo juvenil, articulando el sistema educativo formal con el mundo del trabajo (Dybowski, 2005; Euler 2013).<br \/>\n\u201cLa fiebre del voto lleg\u00f3 al congreso: el gobierno mand\u00f3 el proyecto para adelantar las elecciones\u201d, \u201cLan\u00fas perdi\u00f3 en el final y complica su pase a octavos\u201d y \u201cMel, la orca asesina de Pen\u00ednsula Vald\u00e9s\u201d eran algunos de los titulares que se le\u00edan el martes 17 de marzo del 2009 en la primera plana de los principales diarios de Argentina. Ya arriba del subte, aplastado entre un hombre mayor con un traje que le quedaba grande y un adolescente semi-son\u00e1mbulo, Rodrigo de Dios, Asesor de Naci\u00f3n Servicios S.A (NSSA) y futuro Gerente de Gesti\u00f3n y Administraci\u00f3n del Sistema \u00danico de Boleto Electr\u00f3nico (S.U.B.E.), no pod\u00eda evitar pensar que los diarios tendr\u00edan que reflejar lo que \u00e9l consideraba era la gran noticia del a\u00f1o: la aprobaci\u00f3n del Convenio Marco del Sistema \u00danico de Boleto Electr\u00f3nico (CM). No era s\u00f3lo importante para Rodrigo que hab\u00eda participado activamente en el dise\u00f1o de sus cl\u00e1usulas junto a los abogados del Banco de la Naci\u00f3n Argentina (BNA) y en la negociaci\u00f3n con la Secretaria de Transporte (STN), sino tambi\u00e9n para potencialmente decenas de millones de usuarios del transporte p\u00fablico en el pa\u00eds.<\/p>\n<\/div>\n<\/div>\n<\/div>\n<\/div>\n<\/div>\n<\/div>\n","protected":false},"excerpt":{"rendered":"<p>Dise\u00f1o e instauraci\u00f3n del Sistema \u00danico de Boleto Electr\u00f3nico (SUBE): El arte de adaptarse a los imponderables C\u00f3digo Casoteca: CT-C34-ARNCTRN Autores: Rodrigo de Dios y Tomas Andr\u00e9s Kidd Caso completo: Ver Caso Completo Resumen: La preocupaci\u00f3n por los v\u00ednculos entre el sistema educativo y el trabajo ha sido un tema siempre presente en la pol\u00edtica [&hellip;]<\/p>\n","protected":false},"author":1,"featured_media":2481,"comment_status":"open","ping_status":"open","sticky":false,"template":"","format":"standard","meta":{"footnotes":""},"categories":[29],"tags":[148,46],"_links":{"self":[{"href":"https:\/\/www.austral.edu.ar\/escueladegobierno\/casoteca\/index.php\/wp-json\/wp\/v2\/posts\/2479"}],"collection":[{"href":"https:\/\/www.austral.edu.ar\/escueladegobierno\/casoteca\/index.php\/wp-json\/wp\/v2\/posts"}],"about":[{"href":"https:\/\/www.austral.edu.ar\/escueladegobierno\/casoteca\/index.php\/wp-json\/wp\/v2\/types\/post"}],"author":[{"embeddable":true,"href":"https:\/\/www.austral.edu.ar\/escueladegobierno\/casoteca\/index.php\/wp-json\/wp\/v2\/users\/1"}],"replies":[{"embeddable":true,"href":"https:\/\/www.austral.edu.ar\/escueladegobierno\/casoteca\/index.php\/wp-json\/wp\/v2\/comments?post=2479"}],"version-history":[{"count":3,"href":"https:\/\/www.austral.edu.ar\/escueladegobierno\/casoteca\/index.php\/wp-json\/wp\/v2\/posts\/2479\/revisions"}],"predecessor-version":[{"id":2709,"href":"https:\/\/www.austral.edu.ar\/escueladegobierno\/casoteca\/index.php\/wp-json\/wp\/v2\/posts\/2479\/revisions\/2709"}],"wp:featuredmedia":[{"embeddable":true,"href":"https:\/\/www.austral.edu.ar\/escueladegobierno\/casoteca\/index.php\/wp-json\/wp\/v2\/media\/2481"}],"wp:attachment":[{"href":"https:\/\/www.austral.edu.ar\/escueladegobierno\/casoteca\/index.php\/wp-json\/wp\/v2\/media?parent=2479"}],"wp:term":[{"taxonomy":"category","embeddable":true,"href":"https:\/\/www.austral.edu.ar\/escueladegobierno\/casoteca\/index.php\/wp-json\/wp\/v2\/categories?post=2479"},{"taxonomy":"post_tag","embeddable":true,"href":"https:\/\/www.austral.edu.ar\/escueladegobierno\/casoteca\/index.php\/wp-json\/wp\/v2\/tags?post=2479"}],"curies":[{"name":"wp","href":"https:\/\/api.w.org\/{rel}","templated":true}]}}