{"id":2356,"date":"2017-04-10T17:16:20","date_gmt":"2017-04-10T17:16:20","guid":{"rendered":"http:\/\/www.austral.edu.ar\/escueladegobierno\/casoteca\/?p=2356"},"modified":"2023-11-22T19:46:28","modified_gmt":"2023-11-22T19:46:28","slug":"la-politica-de-vivienda-caba-2000-2015-ct-c23-arprifr","status":"publish","type":"post","link":"https:\/\/www.austral.edu.ar\/escueladegobierno\/casoteca\/index.php\/2017\/04\/10\/la-politica-de-vivienda-caba-2000-2015-ct-c23-arprifr\/","title":{"rendered":"La pol\u00edtica de vivienda CABA 2000 \u2013 2015 (CT-C23-ARPRIFR)"},"content":{"rendered":"<h1>La pol\u00edtica de vivienda CABA 2000 \u2013 2015<\/h1>\n<p><strong>C\u00f3digo Casoteca<\/strong>: <em>CT-C23-ARPRIFR<\/em><\/p>\n<p><strong>Autores<\/strong>:\u00a0Maximiliano Marqu\u00e9s y Lucio Conti<\/p>\n<h4><strong>Caso completo<\/strong>:<\/h4>\n<p><a class=\"vc_gitem-link vc_general vc_btn3 vc_btn3-size-md vc_btn3-shape-rounded vc_btn3-style-modern vc_btn3-color-purple\" title=\"Ver Caso\" href=\"https:\/\/www.austral.edu.ar\/escueladegobierno\/casoteca\/wp-content\/uploads\/2017\/04\/23.-La-politica-de-vivienda-CABA-2000-2015.pdf\" data-wplink-edit=\"true\">Ver Caso Completo<\/a><\/p>\n<p><b>Resumen:<\/b><\/p>\n<div class=\"page\" title=\"Page 1\">\n<div class=\"layoutArea\">\n<div class=\"column\">\n<div class=\"page\" title=\"Page 1\">\n<div class=\"layoutArea\">\n<div class=\"column\">\n<p>Mientras amanec\u00eda en la Ciudad, Sonia intentaba agarrar se\u00f1al con el celular que le hab\u00eda obsequiado una amiga con la que hab\u00eda hecho amistad apenas lleg\u00f3 a Buenos Aires. Necesitaba ubicar alg\u00fan amigo o pariente para que se quede con su hijo en la casucha improvisada de cart\u00f3n y bolsas pl\u00e1sticas que hab\u00eda armado en la esquina de Brasil y Pichincha. Ten\u00eda que hacer un tr\u00e1mite urgente para renovar el subsidio del gobierno de la ciudad para personas en situaci\u00f3n de calle.<br \/>\nDesde su llegada a la Argentina hab\u00eda vivido en varios lugares: en provincia, con el padre de su hijo en Laferrere desde su nacimiento y durante los primeros meses de vida de la criatura; luego se traslad\u00f3 a capital por cercan\u00eda a posibilidades de trabajo. Vivi\u00f3 en paradores, hogares y hoteles de zona sur de la capital por un costo econ\u00f3mico razonable.<br \/>\nSonia es sumamente trabajadora y dedicada, es h\u00e1bil en costura y lo demostr\u00f3 estando a cargo en un taller que enmendaba ropa y calzado. Tambi\u00e9n trabaj\u00f3 como ayudante de cocina y como personal de limpieza en bares y confiter\u00edas. Falta de trabajo nunca tuvo, siempre \u201calgo sal\u00eda\u201d. Su problema estaba en el tiempo que le deb\u00eda dedicar a su hijo. El ni\u00f1o naci\u00f3 con una encefalopat\u00eda cr\u00f3nica que afecta su motricidad, su capacidad visual, auditiva y social por lo que requiere cuidado constante. A veces pagaba a sus vecinas para que se queden con el ni\u00f1o mientras trabajaba y cuando ten\u00eda un poco m\u00e1s de suerte, se quedaba con alguno de sus familiares m\u00e1s cercanos.<br \/>\nEse d\u00eda tuvo suerte con Elsa, una de sus primas que moment\u00e1neamente estaba sin ocupaci\u00f3n y viv\u00eda en una habitaci\u00f3n que rentaba en zona sur del Conurbano, se ofrec\u00eda a quedarse con el chico. Sonia hizo un peque\u00f1o bolsito con la ropa y algunos juguetes de su hijo, se tom\u00f3 el colectivo y luego el tren. Elsa los esperaba con torta frita y unos mates, entre besos, agradecimientos y disculpas por no poderse quedarse a compartir con su prima, Sonia emprend\u00eda r\u00e1pidamente la vuelta a capital.<br \/>\nTuvo que merodear por las sedes del gobierno de la ciudad \u2013como lo ven\u00eda haciendo desde la p\u00e9rdida del subsidio- para averiguar c\u00f3mo podr\u00eda acceder a alg\u00fan tipo de ayuda dada su situaci\u00f3n desesperante. El subsidio que percib\u00eda del gobierno de la ciudad, estaba dirigido a personas con extrema vulnerabilidad social y al menos, si bien era una modesta suma, le permit\u00eda salir moment\u00e1neamente de la situaci\u00f3n de calle. A pesar de la buena predisposici\u00f3n de empleados p\u00fablicos y funcionarios en recibirla y escucharla, la respuesta era siempre la misma: no alcanza el presupuesto. La Defensor\u00eda del Poder Judicial de la Ciudad, al ver la situaci\u00f3n que viv\u00eda esta mujer decide llevar su caso a Tribunales.<br \/>\nEl caso de Sonia Quisbert se encuadra dentro de la categor\u00eda de litigio estrat\u00e9gico y se encuentra vinculada a una tem\u00e1tica constitucional amplia: la operatividad de los denominados derechos econ\u00f3micos, sociales y culturales.<\/p>\n<\/div>\n<\/div>\n<\/div>\n<\/div>\n<\/div>\n<\/div>\n<h4><strong>Archivos relacionados<\/strong>:<\/h4>\n<p><a href=\"www.austral.edu.ar\/escueladegobierno\/casoteca\/wp-content\/uploads\/2017\/04\/23.-Fallo-Quisbert.pdf\">Fallo Quisbert<\/a><\/p>\n<p><a href=\"www.austral.edu.ar\/escueladegobierno\/casoteca\/wp-content\/uploads\/2017\/04\/23.-S0310660_es.pdf\">S0310660_es<\/a><\/p>\n","protected":false},"excerpt":{"rendered":"<p>La pol\u00edtica de vivienda CABA 2000 \u2013 2015 C\u00f3digo Casoteca: CT-C23-ARPRIFR Autores:\u00a0Maximiliano Marqu\u00e9s y Lucio Conti Caso completo: Ver Caso Completo Resumen: Mientras amanec\u00eda en la Ciudad, Sonia intentaba agarrar se\u00f1al con el celular que le hab\u00eda obsequiado una amiga con la que hab\u00eda hecho amistad apenas lleg\u00f3 a Buenos Aires. Necesitaba ubicar alg\u00fan amigo [&hellip;]<\/p>\n","protected":false},"author":1,"featured_media":2360,"comment_status":"open","ping_status":"open","sticky":false,"template":"","format":"image","meta":{"footnotes":""},"categories":[30],"tags":[144,145,146,143],"_links":{"self":[{"href":"https:\/\/www.austral.edu.ar\/escueladegobierno\/casoteca\/index.php\/wp-json\/wp\/v2\/posts\/2356"}],"collection":[{"href":"https:\/\/www.austral.edu.ar\/escueladegobierno\/casoteca\/index.php\/wp-json\/wp\/v2\/posts"}],"about":[{"href":"https:\/\/www.austral.edu.ar\/escueladegobierno\/casoteca\/index.php\/wp-json\/wp\/v2\/types\/post"}],"author":[{"embeddable":true,"href":"https:\/\/www.austral.edu.ar\/escueladegobierno\/casoteca\/index.php\/wp-json\/wp\/v2\/users\/1"}],"replies":[{"embeddable":true,"href":"https:\/\/www.austral.edu.ar\/escueladegobierno\/casoteca\/index.php\/wp-json\/wp\/v2\/comments?post=2356"}],"version-history":[{"count":4,"href":"https:\/\/www.austral.edu.ar\/escueladegobierno\/casoteca\/index.php\/wp-json\/wp\/v2\/posts\/2356\/revisions"}],"predecessor-version":[{"id":2712,"href":"https:\/\/www.austral.edu.ar\/escueladegobierno\/casoteca\/index.php\/wp-json\/wp\/v2\/posts\/2356\/revisions\/2712"}],"wp:featuredmedia":[{"embeddable":true,"href":"https:\/\/www.austral.edu.ar\/escueladegobierno\/casoteca\/index.php\/wp-json\/wp\/v2\/media\/2360"}],"wp:attachment":[{"href":"https:\/\/www.austral.edu.ar\/escueladegobierno\/casoteca\/index.php\/wp-json\/wp\/v2\/media?parent=2356"}],"wp:term":[{"taxonomy":"category","embeddable":true,"href":"https:\/\/www.austral.edu.ar\/escueladegobierno\/casoteca\/index.php\/wp-json\/wp\/v2\/categories?post=2356"},{"taxonomy":"post_tag","embeddable":true,"href":"https:\/\/www.austral.edu.ar\/escueladegobierno\/casoteca\/index.php\/wp-json\/wp\/v2\/tags?post=2356"}],"curies":[{"name":"wp","href":"https:\/\/api.w.org\/{rel}","templated":true}]}}