{"id":2299,"date":"2017-03-27T15:26:20","date_gmt":"2017-03-27T15:26:20","guid":{"rendered":"http:\/\/www.austral.edu.ar\/escueladegobierno\/casoteca\/?p=2299"},"modified":"2023-11-22T19:56:41","modified_gmt":"2023-11-22T19:56:41","slug":"la-implementacion-de-la-ley-de-financiamiento-educativo-ct-c21-arncedu","status":"publish","type":"post","link":"https:\/\/www.austral.edu.ar\/escueladegobierno\/casoteca\/index.php\/2017\/03\/27\/la-implementacion-de-la-ley-de-financiamiento-educativo-ct-c21-arncedu\/","title":{"rendered":"La implementaci\u00f3n de la Ley de Financiamiento Educativo (CT-C21-ARNCEDU)"},"content":{"rendered":"<h1>La implementaci\u00f3n de la Ley de Financiamiento Educativo: la aplicaci\u00f3n del art\u00edculo que \u201csanciona\u201d a las provincias<\/h1>\n<p><strong>C\u00f3digo Casoteca<\/strong>: <em>CT-C21-ARNCEDU<\/em><\/p>\n<p><strong>Autores<\/strong>:\u00a0Guillermina Salse y Alejandra Cardini<\/p>\n<h4><strong>Caso completo<\/strong>:<\/h4>\n<p><a class=\"vc_gitem-link vc_general vc_btn3 vc_btn3-size-md vc_btn3-shape-rounded vc_btn3-style-modern vc_btn3-color-purple\" title=\"Ver Caso\" href=\"https:\/\/www.austral.edu.ar\/escueladegobierno\/casoteca\/wp-content\/uploads\/2017\/03\/21.-La-implementacion-de-la-Ley-de-Financimiento-Educativo.pdf\">Ver Caso Completo<\/a><\/p>\n<p><b>Resumen:<\/b><\/p>\n<div class=\"page\" title=\"Page 1\">\n<div class=\"layoutArea\">\n<div class=\"column\">\n<div class=\"page\" title=\"Page 1\">\n<div class=\"layoutArea\">\n<div class=\"column\">\n<p>La Ley No 26.075 de Financiamiento Educativo (LFE) fue sancionada el 21 de diciembre de 2005. La puesta en marcha de la implementaci\u00f3n de la ley se inici\u00f3 en 2006 a trav\u00e9s de lo dispuesto en el art. 12, que establec\u00eda que el Ministerio de Educaci\u00f3n deb\u00eda realizar convenios bilaterales con las provincias y la Ciudad Aut\u00f3noma de Buenos Aires, acordando las metas y los recursos que ambas partes asignaban para cumplir esas metas.<br \/>\nEl dilema principal ocurri\u00f3 a inicios del segundo a\u00f1o de implementaci\u00f3n de la LFE. A fines de febrero de 2007, momento en que se preparaba una nueva reuni\u00f3n del Consejo Federal de Educaci\u00f3n, San Luis era la \u00fanica provincia que hab\u00eda incumplido con la firma del Convenio Bilateral. Ello pon\u00eda en un dilema a las autoridades del Ministerio de Educaci\u00f3n, especialmente a Osvaldo Devries, Subsecretario Nacional de Planeamiento Educativo y funcionario responsable de gestionar y monitorear el cumplimiento de la LFE.<br \/>\nDevries ten\u00eda ampl\u00eda experiencia en negociaciones con funcionarios provinciales. Su paso por el cargo de Secretario del Consejo Federal de Educaci\u00f3n le hab\u00eda potenciado su fuerte compromiso con las soluciones a los conflictos educativos de las provincias y los ocurridos entre la Naci\u00f3n y las jurisdicciones, respetando siempre el tenor federal de esas soluciones.<br \/>\nDurante a\u00f1os hab\u00eda tenido amplias responsabilidades de gesti\u00f3n en el \u00e1mbito de las pol\u00edticas educativas y reconoc\u00eda la importancia de la decisi\u00f3n que deb\u00eda tomar: \u00bfdeb\u00eda hacer uso del art. 173 de la LFE y aplicar medidas sancionatorias?. Ante el incumplimiento de la ley por parte de alguna provincia, este art\u00edculo habilitaba al Ministerio de Educaci\u00f3n -en consulta con el Consejo Federal de Cultura y Educaci\u00f3n- a retener las transferencias de los fondos de los programas del Ministerio Nacional. \u00bfO deb\u00eda buscar otras alternativas de soluci\u00f3n previas a la aplicaci\u00f3n de la sanci\u00f3n?<br \/>\nOtras dudas se le plantearon a Devries: \u00bfPon\u00eda en consideraci\u00f3n el tema en la reuni\u00f3n del Consejo Federal de Educaci\u00f3n (CFE), como lo habilitaba (y quiz\u00e1s obligaba) la LFE? Si fuera as\u00ed, \u00bfqu\u00e9 propuesta se llevar\u00eda?, \u00bfC\u00f3mo era el equilibrio de fuerzas al interior del CFE?, \u00bfqu\u00e9 fortalezas ten\u00edan los acuerdos (Convenios Bilaterales) que hab\u00edan firmado las otras provincias?, \u00bfcu\u00e1les ser\u00edan las reacciones de las dem\u00e1s provincias que ya hab\u00edan firmado?, \u00bfhab\u00eda otros mecanismos de acuerdo previo a la aplicaci\u00f3n de la cl\u00e1usula? , \u00bfqu\u00e9 otros actores hab\u00eda que considerar en la decisi\u00f3n?<\/p>\n<\/div>\n<\/div>\n<\/div>\n<\/div>\n<\/div>\n<\/div>\n","protected":false},"excerpt":{"rendered":"<p>La implementaci\u00f3n de la Ley de Financiamiento Educativo: la aplicaci\u00f3n del art\u00edculo que \u201csanciona\u201d a las provincias C\u00f3digo Casoteca: CT-C21-ARNCEDU Autores:\u00a0Guillermina Salse y Alejandra Cardini Caso completo: Ver Caso Completo Resumen: La Ley No 26.075 de Financiamiento Educativo (LFE) fue sancionada el 21 de diciembre de 2005. La puesta en marcha de la implementaci\u00f3n de [&hellip;]<\/p>\n","protected":false},"author":1,"featured_media":2300,"comment_status":"open","ping_status":"open","sticky":false,"template":"","format":"image","meta":{"footnotes":""},"categories":[29],"tags":[113,111,112],"_links":{"self":[{"href":"https:\/\/www.austral.edu.ar\/escueladegobierno\/casoteca\/index.php\/wp-json\/wp\/v2\/posts\/2299"}],"collection":[{"href":"https:\/\/www.austral.edu.ar\/escueladegobierno\/casoteca\/index.php\/wp-json\/wp\/v2\/posts"}],"about":[{"href":"https:\/\/www.austral.edu.ar\/escueladegobierno\/casoteca\/index.php\/wp-json\/wp\/v2\/types\/post"}],"author":[{"embeddable":true,"href":"https:\/\/www.austral.edu.ar\/escueladegobierno\/casoteca\/index.php\/wp-json\/wp\/v2\/users\/1"}],"replies":[{"embeddable":true,"href":"https:\/\/www.austral.edu.ar\/escueladegobierno\/casoteca\/index.php\/wp-json\/wp\/v2\/comments?post=2299"}],"version-history":[{"count":3,"href":"https:\/\/www.austral.edu.ar\/escueladegobierno\/casoteca\/index.php\/wp-json\/wp\/v2\/posts\/2299\/revisions"}],"predecessor-version":[{"id":2726,"href":"https:\/\/www.austral.edu.ar\/escueladegobierno\/casoteca\/index.php\/wp-json\/wp\/v2\/posts\/2299\/revisions\/2726"}],"wp:featuredmedia":[{"embeddable":true,"href":"https:\/\/www.austral.edu.ar\/escueladegobierno\/casoteca\/index.php\/wp-json\/wp\/v2\/media\/2300"}],"wp:attachment":[{"href":"https:\/\/www.austral.edu.ar\/escueladegobierno\/casoteca\/index.php\/wp-json\/wp\/v2\/media?parent=2299"}],"wp:term":[{"taxonomy":"category","embeddable":true,"href":"https:\/\/www.austral.edu.ar\/escueladegobierno\/casoteca\/index.php\/wp-json\/wp\/v2\/categories?post=2299"},{"taxonomy":"post_tag","embeddable":true,"href":"https:\/\/www.austral.edu.ar\/escueladegobierno\/casoteca\/index.php\/wp-json\/wp\/v2\/tags?post=2299"}],"curies":[{"name":"wp","href":"https:\/\/api.w.org\/{rel}","templated":true}]}}