{"id":2293,"date":"2017-03-22T19:24:28","date_gmt":"2017-03-22T19:24:28","guid":{"rendered":"http:\/\/www.austral.edu.ar\/escueladegobierno\/casoteca\/?p=2293"},"modified":"2023-11-22T20:16:37","modified_gmt":"2023-11-22T20:16:37","slug":"la-creacion-y-comienzo-de-la-policia-metropolitana-de-caba-ct-c20-arprseg","status":"publish","type":"post","link":"https:\/\/www.austral.edu.ar\/escueladegobierno\/casoteca\/index.php\/2017\/03\/22\/la-creacion-y-comienzo-de-la-policia-metropolitana-de-caba-ct-c20-arprseg\/","title":{"rendered":"La creaci\u00f3n y comienzo de la Polic\u00eda Metropolitana de CABA (CT-C20-ARPRSEG)"},"content":{"rendered":"<h1>La creaci\u00f3n y comienzo de la Polic\u00eda Metropolitana de la Ciudad Aut\u00f3noma de Buenos Aires<\/h1>\n<p><strong>C\u00f3digo Casoteca<\/strong>: <em>CT-C20-ARPRSEG<\/em><\/p>\n<p><strong>Autor<\/strong>:\u00a0Mg. Diego P. Gorgal<\/p>\n<h4><strong>Caso completo<\/strong>:<\/h4>\n<p><a class=\"vc_gitem-link vc_general vc_btn3 vc_btn3-size-md vc_btn3-shape-rounded vc_btn3-style-modern vc_btn3-color-purple\" title=\"Ver Caso\" href=\"https:\/\/www.austral.edu.ar\/escueladegobierno\/casoteca\/wp-content\/uploads\/2017\/03\/20.-La-creacion-y-comienzo-de-la-Policia-Metropolitana.pdf\">Ver Caso Completo<\/a><\/p>\n<p><b>Resumen:<\/b><\/p>\n<div class=\"page\" title=\"Page 1\">\n<div class=\"layoutArea\">\n<div class=\"column\">\n<div class=\"page\" title=\"Page 1\">\n<div class=\"layoutArea\">\n<div class=\"column\">\n<p>El 28 de octubre de 2008, la Legislatura de la Ciudad de Buenos Aires sancion\u00f3 con fuerza de ley el proyecto que hab\u00eda sido enviado por el Jefe de Gobierno Mauricio Macri para la creaci\u00f3n de la Polic\u00eda Metropolitana (PM) de la Ciudad Aut\u00f3noma de Buenos Aires (CABA). As\u00ed, la ciudad m\u00e1s grande y capital federal de la Argentina decide organizar la primera fuerza policial local, y lo hace desde \u201ccero\u201d.<br \/>\nDicha decisi\u00f3n, como toda decisi\u00f3n de pol\u00edtica p\u00fablica de tal envergadura, supuso cierta visi\u00f3n sobre el problema p\u00fablico que reclama la atenci\u00f3n del gobierno y ponderaci\u00f3n de las opciones disponibles para dar cuenta de dicho problema, por un lado, e implic\u00f3 importantes efectos institucionales, pol\u00edticos y de pol\u00edtica de seguridad en la Ciudad de Buenos Aires, por otro. En este sentido, \u00bfqu\u00e9 supuso y qu\u00e9 implic\u00f3 la decisi\u00f3n de crear la PM? \u00bfEra necesario crearla? \u00bfHab\u00eda opciones sobre la mesa de decisi\u00f3n alternativas a \u201cno hacer nada\u201d o crear la PM tal como se la cre\u00f3? La implementaci\u00f3n de la decisi\u00f3n de crearla, \u00bfrespet\u00f3 la visi\u00f3n del decisor o tambi\u00e9n molde\u00f3 aquella decisi\u00f3n? \u00bfSe contemplaron los intereses y motivaciones del Gobierno nacional en el proceso de creaci\u00f3n de la PM? Estos, y otros interrogantes, acompa\u00f1aron el proceso de creaci\u00f3n de la PM.<br \/>\nLa aparici\u00f3n de una polic\u00eda nueva en el \u00e1mbito del Gobierno de la Ciudad fue abrazada con cierto entusiasmo por la dirigencia pol\u00edtica local y el vecino, pues el problema de la seguridad era percibido como uno de los prioritarios para el porte\u00f1o\u2014al punto que fue uno de los ejes de campa\u00f1a del candidato Macri\u2014y tanto el gobierno nacional como la Polic\u00eda Federal acumulaban descr\u00e9dito y desaprobaci\u00f3n en el manejo del asunto. No obstante, dicho apoyo fundacional no se tradujo en un proceso de creaci\u00f3n y puesta en funciones exento de dificultades, ni en el establecimiento de una polic\u00eda alejada de las controversias, ni tampoco en un significativo control del problema de la inseguridad.<\/p>\n<\/div>\n<\/div>\n<\/div>\n<\/div>\n<\/div>\n<\/div>\n","protected":false},"excerpt":{"rendered":"<p>La creaci\u00f3n y comienzo de la Polic\u00eda Metropolitana de la Ciudad Aut\u00f3noma de Buenos Aires C\u00f3digo Casoteca: CT-C20-ARPRSEG Autor:\u00a0Mg. Diego P. Gorgal Caso completo: Ver Caso Completo Resumen: El 28 de octubre de 2008, la Legislatura de la Ciudad de Buenos Aires sancion\u00f3 con fuerza de ley el proyecto que hab\u00eda sido enviado por el [&hellip;]<\/p>\n","protected":false},"author":1,"featured_media":2295,"comment_status":"open","ping_status":"open","sticky":false,"template":"","format":"image","meta":{"footnotes":""},"categories":[30],"tags":[71,110,108,109],"_links":{"self":[{"href":"https:\/\/www.austral.edu.ar\/escueladegobierno\/casoteca\/index.php\/wp-json\/wp\/v2\/posts\/2293"}],"collection":[{"href":"https:\/\/www.austral.edu.ar\/escueladegobierno\/casoteca\/index.php\/wp-json\/wp\/v2\/posts"}],"about":[{"href":"https:\/\/www.austral.edu.ar\/escueladegobierno\/casoteca\/index.php\/wp-json\/wp\/v2\/types\/post"}],"author":[{"embeddable":true,"href":"https:\/\/www.austral.edu.ar\/escueladegobierno\/casoteca\/index.php\/wp-json\/wp\/v2\/users\/1"}],"replies":[{"embeddable":true,"href":"https:\/\/www.austral.edu.ar\/escueladegobierno\/casoteca\/index.php\/wp-json\/wp\/v2\/comments?post=2293"}],"version-history":[{"count":3,"href":"https:\/\/www.austral.edu.ar\/escueladegobierno\/casoteca\/index.php\/wp-json\/wp\/v2\/posts\/2293\/revisions"}],"predecessor-version":[{"id":2727,"href":"https:\/\/www.austral.edu.ar\/escueladegobierno\/casoteca\/index.php\/wp-json\/wp\/v2\/posts\/2293\/revisions\/2727"}],"wp:featuredmedia":[{"embeddable":true,"href":"https:\/\/www.austral.edu.ar\/escueladegobierno\/casoteca\/index.php\/wp-json\/wp\/v2\/media\/2295"}],"wp:attachment":[{"href":"https:\/\/www.austral.edu.ar\/escueladegobierno\/casoteca\/index.php\/wp-json\/wp\/v2\/media?parent=2293"}],"wp:term":[{"taxonomy":"category","embeddable":true,"href":"https:\/\/www.austral.edu.ar\/escueladegobierno\/casoteca\/index.php\/wp-json\/wp\/v2\/categories?post=2293"},{"taxonomy":"post_tag","embeddable":true,"href":"https:\/\/www.austral.edu.ar\/escueladegobierno\/casoteca\/index.php\/wp-json\/wp\/v2\/tags?post=2293"}],"curies":[{"name":"wp","href":"https:\/\/api.w.org\/{rel}","templated":true}]}}