{"id":2283,"date":"2017-03-22T16:32:05","date_gmt":"2017-03-22T16:32:05","guid":{"rendered":"http:\/\/www.austral.edu.ar\/escueladegobierno\/casoteca\/?p=2283"},"modified":"2023-11-22T19:57:50","modified_gmt":"2023-11-22T19:57:50","slug":"la-articulacion-publico-privada-en-la-lucha-contra-la-desnutricion-infantil-ct-c18-arprsal","status":"publish","type":"post","link":"https:\/\/www.austral.edu.ar\/escueladegobierno\/casoteca\/index.php\/2017\/03\/22\/la-articulacion-publico-privada-en-la-lucha-contra-la-desnutricion-infantil-ct-c18-arprsal\/","title":{"rendered":"La articulaci\u00f3n publico privada en la lucha contra la desnutrici\u00f3n infantil (CT-C18-ARPRSAL)"},"content":{"rendered":"<h1>La articulaci\u00f3n publico privada en la lucha contra la desnutrici\u00f3n infantil: el caso CONIN<\/h1>\n<p><strong>C\u00f3digo Casoteca<\/strong>: <em>CT-C18-ARPRSAL<\/em><\/p>\n<p><strong>Autor<\/strong>:\u00a0Adri\u00e1n Spitaleri<\/p>\n<h4><strong>Caso completo<\/strong>:<\/h4>\n<p><a class=\"vc_gitem-link vc_general vc_btn3 vc_btn3-size-md vc_btn3-shape-rounded vc_btn3-style-modern vc_btn3-color-purple\" title=\"Ver Caso\" href=\"https:\/\/www.austral.edu.ar\/escueladegobierno\/casoteca\/wp-content\/uploads\/2017\/03\/18.-La-articulacion-publico-privada-en-la-lucha-contra-la-desnutricion-infantil-el-caso-CONIN.pdf\">Ver Caso Completo<\/a><\/p>\n<p><b>Resumen:<\/b><\/p>\n<div class=\"page\" title=\"Page 1\">\n<div class=\"layoutArea\">\n<div class=\"column\">\n<div class=\"page\" title=\"Page 1\">\n<div class=\"layoutArea\">\n<div class=\"column\">\n<p>Juan Patalili, abogado y miembro fundador del Centro de Investigaci\u00f3n de Pol\u00edticas P\u00fablicas (CIPP), analizaba junto a su m\u00e1xima colaboradora, la ingeniera In\u00e9s Wueyson, el convenio que la Fundaci\u00f3n CONIN (Cooperadora para la Nutrici\u00f3n Infantil), hab\u00eda firmado con el Ministerio de Desarrollo Social (MDS), el pasado 27 de abril de 2016. Comenzado dicho a\u00f1o, el BID (Banco Interamericano de Desarrollo), hab\u00eda contratado a Juan, a trav\u00e9s del CIPP, a realizar un trabajo de investigaci\u00f3n sobre la desnutrici\u00f3n y su articulaci\u00f3n con las pol\u00edticas p\u00fablicas en Sudam\u00e9rica, el cual publicar\u00eda a fines de 2017.<br \/>\nEl trabajo contemplaba una investigaci\u00f3n y conclusi\u00f3n preliminar de todo lo realizado en materia de desnutrici\u00f3n en Chile y en Argentina, y su vinculaci\u00f3n con las pol\u00edticas de estado, para poder implementar un plan de erradicaci\u00f3n. Juan e In\u00e9s viv\u00edan en Buenos Aires, pero hab\u00edan logrado entrevistar al Dr. Abel Albino, oriundo de Mendoza y fundador de CONIN en Argentina, con el cual hab\u00edan hablado sobre su trabajo con la desnutrici\u00f3n en dicho pa\u00eds y todo lo aprendido de su mentor, el Dr. Fernando Monckeberg en CONIN de Chile.<br \/>\nCon todo el material informativo y los libros escritos por los Dres. Albino y Monckeberg y sus colaboradores, empezaron a investigar y analizar todo lo realizado en ambos pa\u00edses para combatir la desnutrici\u00f3n infantil. La gente de CONIN Argentina tambi\u00e9n les facilit\u00f3 los convenios que se firmaron con el Gobierno Nacional, seis meses atr\u00e1s. Pudieron leer casi todo el material en muy poco tiempo, adem\u00e1s de las varias p\u00e1ginas visitadas en la web, para complementar la informaci\u00f3n. Si bien tanto Juan como In\u00e9s leyeron las actuaciones en ambos pa\u00edses, fue Juan qui\u00e9n ley\u00f3 m\u00e1s de lo realizado en Argentina e In\u00e9s lo propio con Chile.<br \/>\n\u201cIn\u00e9s, me gustar\u00eda que analiz\u00e1ramos los convenios firmados por el MDS con CONIN\u201d, le coment\u00f3 Juan. Y agreg\u00f3: \u201cEstuve leyendo con mucho detenimiento la metodolog\u00eda CONIN y la propuesta de CONIN que se desarrolla en el libro: As\u00ed se combate la Desnutrici\u00f3n. En el convenio Espec\u00edfico, firmado en Junio de 2016, se detalla el Plan de Objetivos y Acciones Espec\u00edficas y en el libro aparecen las primeras directrices que, en n\u00famero, son el doble de los planes propuestos en el convenio, adem\u00e1s de una propuesta muy diferente respecto a la multiplicaci\u00f3n de Centros de Prevenci\u00f3n\u201d. \u201c\u00bfY qu\u00e9 es lo que te preocupa concretamente?\u201d, pregunt\u00f3 In\u00e9s, con sorpresa.<br \/>\n\u201cCreo que la propuesta de CONIN es realmente abarcadora, en respuesta a combatir el problema de la desnutrici\u00f3n y que los planes y m\u00e9todos propuestos no condicen con los firmados en el convenio con el Gobierno Nacional, para erradicar la desnutrici\u00f3n infantil en Argentina\u201d, expres\u00f3 Juan con preocupaci\u00f3n. Finalmente, y para terminar de exponer sus comentarios al an\u00e1lisis propuesto, le dijo: \u201cVos has le\u00eddo las acciones llevadas a cabo en Chile por el Dr. Monckeberg y me parece que, contextos aparte, los cuales son muy importantes a tener en cuenta, veo limitadas las acciones a realizar en Argentina y m\u00e1s a\u00fan veo diferencias significativas de implementaci\u00f3n en ambos pa\u00edses. Ser\u00eda bueno estructurar nuestro an\u00e1lisis en funci\u00f3n de estas diferencias, \u00bfqu\u00e9 te parece In\u00e9s?\u201d.<br \/>\n\u201cS\u00ed, efectivamente. Creo que ser\u00eda muy importante para poder sacar conclusiones y analizar estas diferencias, conocer y entender las pol\u00edticas, los programas, los cambios institucionales e iniciativas legales implementados, que conformaron el proceso que permiti\u00f3 erradicar la desnutrici\u00f3n infantil en Chile\u201d, respondi\u00f3 In\u00e9s con seguridad. Y pregunt\u00f3 entusiasmada: \u201c\u00bfNo crees que adem\u00e1s podr\u00edamos pensar e incorporar algunas ideas en c\u00f3mo transformar esta necesidad en Argentina en pol\u00edtica de estado y su posterior evaluaci\u00f3n?\u201d<br \/>\n\u201c\u00a1Claro que s\u00ed\u201d, &#8211; contesto Juan -, \u201c\u00a1solo a m\u00ed se me ocurre trabajar con una ingeniera!\u201d<\/p>\n<\/div>\n<\/div>\n<\/div>\n<\/div>\n<\/div>\n<\/div>\n","protected":false},"excerpt":{"rendered":"<p>La articulaci\u00f3n publico privada en la lucha contra la desnutrici\u00f3n infantil: el caso CONIN C\u00f3digo Casoteca: CT-C18-ARPRSAL Autor:\u00a0Adri\u00e1n Spitaleri Caso completo: Ver Caso Completo Resumen: Juan Patalili, abogado y miembro fundador del Centro de Investigaci\u00f3n de Pol\u00edticas P\u00fablicas (CIPP), analizaba junto a su m\u00e1xima colaboradora, la ingeniera In\u00e9s Wueyson, el convenio que la Fundaci\u00f3n CONIN [&hellip;]<\/p>\n","protected":false},"author":1,"featured_media":2284,"comment_status":"open","ping_status":"open","sticky":false,"template":"","format":"image","meta":{"footnotes":""},"categories":[30],"tags":[102,101,100,106,83],"_links":{"self":[{"href":"https:\/\/www.austral.edu.ar\/escueladegobierno\/casoteca\/index.php\/wp-json\/wp\/v2\/posts\/2283"}],"collection":[{"href":"https:\/\/www.austral.edu.ar\/escueladegobierno\/casoteca\/index.php\/wp-json\/wp\/v2\/posts"}],"about":[{"href":"https:\/\/www.austral.edu.ar\/escueladegobierno\/casoteca\/index.php\/wp-json\/wp\/v2\/types\/post"}],"author":[{"embeddable":true,"href":"https:\/\/www.austral.edu.ar\/escueladegobierno\/casoteca\/index.php\/wp-json\/wp\/v2\/users\/1"}],"replies":[{"embeddable":true,"href":"https:\/\/www.austral.edu.ar\/escueladegobierno\/casoteca\/index.php\/wp-json\/wp\/v2\/comments?post=2283"}],"version-history":[{"count":3,"href":"https:\/\/www.austral.edu.ar\/escueladegobierno\/casoteca\/index.php\/wp-json\/wp\/v2\/posts\/2283\/revisions"}],"predecessor-version":[{"id":2728,"href":"https:\/\/www.austral.edu.ar\/escueladegobierno\/casoteca\/index.php\/wp-json\/wp\/v2\/posts\/2283\/revisions\/2728"}],"wp:featuredmedia":[{"embeddable":true,"href":"https:\/\/www.austral.edu.ar\/escueladegobierno\/casoteca\/index.php\/wp-json\/wp\/v2\/media\/2284"}],"wp:attachment":[{"href":"https:\/\/www.austral.edu.ar\/escueladegobierno\/casoteca\/index.php\/wp-json\/wp\/v2\/media?parent=2283"}],"wp:term":[{"taxonomy":"category","embeddable":true,"href":"https:\/\/www.austral.edu.ar\/escueladegobierno\/casoteca\/index.php\/wp-json\/wp\/v2\/categories?post=2283"},{"taxonomy":"post_tag","embeddable":true,"href":"https:\/\/www.austral.edu.ar\/escueladegobierno\/casoteca\/index.php\/wp-json\/wp\/v2\/tags?post=2283"}],"curies":[{"name":"wp","href":"https:\/\/api.w.org\/{rel}","templated":true}]}}