{"id":2279,"date":"2017-03-22T14:21:04","date_gmt":"2017-03-22T14:21:04","guid":{"rendered":"http:\/\/www.austral.edu.ar\/escueladegobierno\/casoteca\/?p=2279"},"modified":"2023-11-22T20:18:29","modified_gmt":"2023-11-22T20:18:29","slug":"gabinete-metropolitano-ct-c16-arprplu","status":"publish","type":"post","link":"https:\/\/www.austral.edu.ar\/escueladegobierno\/casoteca\/index.php\/2017\/03\/22\/gabinete-metropolitano-ct-c16-arprplu\/","title":{"rendered":"Gabinete metropolitano (CT-C16-ARPRPLU)"},"content":{"rendered":"<h1>Gabinete metropolitano<\/h1>\n<p><strong>C\u00f3digo Casoteca<\/strong>: <em>CT-C16-ARPRPLU<\/em><\/p>\n<p><strong>Autores<\/strong>:\u00a0Mauro Solano, Eugenia Cardelli, Matias Arrieta y Asociacion Civil Goberneo<\/p>\n<h4><strong>Caso completo<\/strong>:<\/h4>\n<p><a class=\"vc_gitem-link vc_general vc_btn3 vc_btn3-size-md vc_btn3-shape-rounded vc_btn3-style-modern vc_btn3-color-purple\" title=\"Ver Caso\" href=\"https:\/\/www.austral.edu.ar\/escueladegobierno\/casoteca\/wp-content\/uploads\/2017\/03\/16.-Gabinete-Metropolitano.pdf\">Ver Caso Completo<\/a><\/p>\n<p><b>Resumen:<\/b><\/p>\n<div class=\"page\" title=\"Page 1\">\n<div class=\"layoutArea\">\n<div class=\"column\">\n<div class=\"page\" title=\"Page 1\">\n<div class=\"layoutArea\">\n<div class=\"column\">\n<p>El \u00c1rea Metropolitana de la Provincia de Buenos Aires (AMBA) supone un conglomerado complejo, de una gran densidad poblacional, donde los distintos l\u00edmites pol\u00edtico-administrativos (locales, provinciales y nacionales) se entrecruzan con la necesidad de resoluci\u00f3n de distintos conflictos de diferentes aristas (salud, medio ambiente, trabajo, producci\u00f3n, seguridad, transporte, entre otros). Por esto, consideramos que se trata de un entramado con aristas particulares, donde los fen\u00f3menos sociales que atraviesan y han caracterizado hist\u00f3ricamente al AMBA, se complejizan por la dificultad de plantear abordajes integrales, que engloben la visi\u00f3n de distintos actores, las estrategias y los recursos de distintos gobiernos para su resoluci\u00f3n.<br \/>\nFrente a esta situaci\u00f3n, la actual Gobernadora de la Provincia de Buenos Aires y el Jefe de Gobierno de la Ciudad Aut\u00f3noma de Buenos Aires, decidieron impulsar de forma conjunta la creaci\u00f3n de un Gabinete Metropolitano para el trabajar en forma coordinada las problem\u00e1ticas de la regi\u00f3n. La iniciativa, fue definida por la Gobernadora de la siguiente manera: \u201cEn esta primera reuni\u00f3n que hemos tenido con el Jefe de Gobierno de la Ciudad y nuestros respectivos gabinetes fue con el objetivo de armar un gabinete metropolitano. M\u00e1s que crear un organismo, para no crear m\u00e1s estructura ni burocracia, decidimos con Horacio que la manera m\u00e1s efectiva era poner a nuestros ministros a trabajar en conjunto, reunirnos peri\u00f3dicamente con ellos para hacer el seguimiento de cada uno de los compromisos en conjunto que tomemos &#8230; Todo es m\u00e1s f\u00e1cil que fluya y as\u00ed se consolida el trabajo en equipo. Nos hemos propuesto una agenda de temas en conjunto y le vamos a dar un seguimiento personal, tanto Horacio como yo, una vez por mes, para que los avances se traduzcan en anuncios concretos que le den respuestas a los vecinos para que vivan mejor\u201d.<br \/>\nSe trata entonces de un espacio de planificaci\u00f3n, coordinaci\u00f3n y seguimiento de iniciativas conjuntas entre la Ciudad Aut\u00f3noma de Buenos Aires (CABA) y la Provincia de Buenos Aires (PBA), donde se busca identificar temas y proyectos de inter\u00e9s mutuo, construir v\u00ednculos y confianza entre organismos de ambas jurisdicciones, y el seguimiento de la implementaci\u00f3n de algunas iniciativas conjuntas bajo una l\u00f3gica no burocr\u00e1tica. En este sentido, se procura vehiculizar experiencias, recursos, saberes y equipos de trabajo en pos de la resoluci\u00f3n de problemas complejos que afectan a la poblaci\u00f3n de la regi\u00f3n. A trav\u00e9s de la conformaci\u00f3n de mesas de trabajo interjurisdiccionales, se busca trazar una agenda de temas comunes, y distintas alternativas para el abordaje de los problemas de forma coherente y conjunta.<\/p>\n<\/div>\n<\/div>\n<\/div>\n<\/div>\n<\/div>\n<\/div>\n","protected":false},"excerpt":{"rendered":"<p>Gabinete metropolitano C\u00f3digo Casoteca: CT-C16-ARPRPLU Autores:\u00a0Mauro Solano, Eugenia Cardelli, Matias Arrieta y Asociacion Civil Goberneo Caso completo: Ver Caso Completo Resumen: El \u00c1rea Metropolitana de la Provincia de Buenos Aires (AMBA) supone un conglomerado complejo, de una gran densidad poblacional, donde los distintos l\u00edmites pol\u00edtico-administrativos (locales, provinciales y nacionales) se entrecruzan con la necesidad de [&hellip;]<\/p>\n","protected":false},"author":1,"featured_media":2281,"comment_status":"open","ping_status":"open","sticky":false,"template":"","format":"image","meta":{"footnotes":""},"categories":[30],"tags":[48,99,49],"_links":{"self":[{"href":"https:\/\/www.austral.edu.ar\/escueladegobierno\/casoteca\/index.php\/wp-json\/wp\/v2\/posts\/2279"}],"collection":[{"href":"https:\/\/www.austral.edu.ar\/escueladegobierno\/casoteca\/index.php\/wp-json\/wp\/v2\/posts"}],"about":[{"href":"https:\/\/www.austral.edu.ar\/escueladegobierno\/casoteca\/index.php\/wp-json\/wp\/v2\/types\/post"}],"author":[{"embeddable":true,"href":"https:\/\/www.austral.edu.ar\/escueladegobierno\/casoteca\/index.php\/wp-json\/wp\/v2\/users\/1"}],"replies":[{"embeddable":true,"href":"https:\/\/www.austral.edu.ar\/escueladegobierno\/casoteca\/index.php\/wp-json\/wp\/v2\/comments?post=2279"}],"version-history":[{"count":4,"href":"https:\/\/www.austral.edu.ar\/escueladegobierno\/casoteca\/index.php\/wp-json\/wp\/v2\/posts\/2279\/revisions"}],"predecessor-version":[{"id":2747,"href":"https:\/\/www.austral.edu.ar\/escueladegobierno\/casoteca\/index.php\/wp-json\/wp\/v2\/posts\/2279\/revisions\/2747"}],"wp:featuredmedia":[{"embeddable":true,"href":"https:\/\/www.austral.edu.ar\/escueladegobierno\/casoteca\/index.php\/wp-json\/wp\/v2\/media\/2281"}],"wp:attachment":[{"href":"https:\/\/www.austral.edu.ar\/escueladegobierno\/casoteca\/index.php\/wp-json\/wp\/v2\/media?parent=2279"}],"wp:term":[{"taxonomy":"category","embeddable":true,"href":"https:\/\/www.austral.edu.ar\/escueladegobierno\/casoteca\/index.php\/wp-json\/wp\/v2\/categories?post=2279"},{"taxonomy":"post_tag","embeddable":true,"href":"https:\/\/www.austral.edu.ar\/escueladegobierno\/casoteca\/index.php\/wp-json\/wp\/v2\/tags?post=2279"}],"curies":[{"name":"wp","href":"https:\/\/api.w.org\/{rel}","templated":true}]}}