{"id":2272,"date":"2017-03-22T13:22:25","date_gmt":"2017-03-22T13:22:25","guid":{"rendered":"http:\/\/www.austral.edu.ar\/escueladegobierno\/casoteca\/?p=2272"},"modified":"2023-11-22T20:18:44","modified_gmt":"2023-11-22T20:18:44","slug":"fomento-al-empleo-registrado-ct-c15-arnclab","status":"publish","type":"post","link":"https:\/\/www.austral.edu.ar\/escueladegobierno\/casoteca\/index.php\/2017\/03\/22\/fomento-al-empleo-registrado-ct-c15-arnclab\/","title":{"rendered":"Fomento al empleo registrado (CT-C15-ARNCLAB)"},"content":{"rendered":"<h1>Fomento al empleo registrado: Reducci\u00f3n de cargas laborales a peque\u00f1as empresas<\/h1>\n<p><strong>C\u00f3digo Casoteca<\/strong>: <em>CT-C15-ARNCLAB<\/em><\/p>\n<p><strong>Autor<\/strong>:\u00a0Lucas Ronconi<\/p>\n<h4><strong>Caso completo<\/strong>:<\/h4>\n<p><a class=\"vc_gitem-link vc_general vc_btn3 vc_btn3-size-md vc_btn3-shape-rounded vc_btn3-style-modern vc_btn3-color-purple\" title=\"Ver Caso\" href=\"https:\/\/www.austral.edu.ar\/escueladegobierno\/casoteca\/wp-content\/uploads\/2017\/03\/15.-Fomento-al-empleo-registrado.pdf\">Ver Caso Completo<\/a><\/p>\n<p><b>Resumen:<\/b><\/p>\n<div class=\"page\" title=\"Page 1\">\n<div class=\"layoutArea\">\n<div class=\"column\">\n<div class=\"page\" title=\"Page 1\">\n<div class=\"layoutArea\">\n<div class=\"column\">\n<p>Es una ma\u00f1ana calurosa de noviembre de 2011. En las oficinas del Ministerio de Trabajo nacional, en Av. Leandro Alem al seiscientos, se vive un clima festivo. Unas semanas atr\u00e1s, Cristina Fern\u00e1ndez de Kirchner result\u00f3 reelecta Presidenta de la Naci\u00f3n con el 54,1% de los votos y una diferencia de m\u00e1s de 37 puntos porcentuales frente al candidato del Frente Amplio Progresista, Hermes Binner. Entre los cuadros pol\u00edticos ya se est\u00e1 gestando el \u2018vamos por todo\u2019 que la Presidenta pronunciar\u00e1 meses m\u00e1s tarde. Pero hay algunos datos que no son tan alentadores. Esa ma\u00f1ana se procesaron los registros administrativos del Sistema Integrado Previsional Argentino (SIPA) correspondientes al mes de octubre de 2011, y resulta que la cantidad de asalariados registrados del sector privado no ha aumentado mucho. \u201cA diferencia del fuerte crecimiento observado desde la salida de la crisis de diciembre de 2001 hasta el 2008, periodo durante el cual creamos cerca de dos millones de empleos registrados en el sector privado, desde el 2009 la creaci\u00f3n de puestos formales se desacelera, y el poco empleo creado se explica en gran medida por la expansi\u00f3n del sector p\u00fablico,\u201d se sincera un alto funcionario, respaldado adem\u00e1s por el \u00faltimo reporte de la Encuesta Permanente de Hogares que elabora el INDEC, que indica que m\u00e1s del 40% de los trabajadores del pa\u00eds son informales, ya sea porque son asalariados no registrados o porque trabajan haciendo changas u otras actividades precarias1. Afuera, en la calle, un grupo de adolescentes limpia parabrisas a cambio de una moneda.<br \/>\n\u201cEste a\u00f1o electoral le dimos con todo a la maquinita de imprimir billetes y expandimos el gasto p\u00fablico lo que pudimos, sin embargo, el empleo est\u00e1 bastante planchado y la informalidad no baja; hay que buscar otras alternativas\u201d razon\u00f3 el mismo funcionario con pretensiones de agudeza anal\u00edtica. En efecto, a partir de ese momento se cre\u00f3 un grupo formado por cuadros t\u00e9cnicos y segundas l\u00edneas de diversas \u00e1reas del Ministerio de Trabajo, con el objetivo de proponer reformas creativas dirigidas a reducir la informalidad laboral y fomentar la creaci\u00f3n de empleo privado. Esta iniciativa terminar\u00e1 dos a\u00f1os y medio m\u00e1s tarde, con la sanci\u00f3n de la ley No. 26940 en mayo de 2014. En el presente caso se describe y analiza la reducci\u00f3n de cargas patronales a micro-empleadores, uno de los componentes centrales de la ley 26940. El eje del documento gira en torno a las principales disyuntivas que enfrentaron los encargados de dise\u00f1ar e implementar dicha pol\u00edtica p\u00fablica.<\/p>\n<\/div>\n<\/div>\n<\/div>\n<\/div>\n<\/div>\n<\/div>\n","protected":false},"excerpt":{"rendered":"<p>Fomento al empleo registrado: Reducci\u00f3n de cargas laborales a peque\u00f1as empresas C\u00f3digo Casoteca: CT-C15-ARNCLAB Autor:\u00a0Lucas Ronconi Caso completo: Ver Caso Completo Resumen: Es una ma\u00f1ana calurosa de noviembre de 2011. En las oficinas del Ministerio de Trabajo nacional, en Av. Leandro Alem al seiscientos, se vive un clima festivo. Unas semanas atr\u00e1s, Cristina Fern\u00e1ndez de [&hellip;]<\/p>\n","protected":false},"author":1,"featured_media":2274,"comment_status":"open","ping_status":"open","sticky":false,"template":"","format":"image","meta":{"footnotes":""},"categories":[29],"tags":[98,95,93,97,96,94],"_links":{"self":[{"href":"https:\/\/www.austral.edu.ar\/escueladegobierno\/casoteca\/index.php\/wp-json\/wp\/v2\/posts\/2272"}],"collection":[{"href":"https:\/\/www.austral.edu.ar\/escueladegobierno\/casoteca\/index.php\/wp-json\/wp\/v2\/posts"}],"about":[{"href":"https:\/\/www.austral.edu.ar\/escueladegobierno\/casoteca\/index.php\/wp-json\/wp\/v2\/types\/post"}],"author":[{"embeddable":true,"href":"https:\/\/www.austral.edu.ar\/escueladegobierno\/casoteca\/index.php\/wp-json\/wp\/v2\/users\/1"}],"replies":[{"embeddable":true,"href":"https:\/\/www.austral.edu.ar\/escueladegobierno\/casoteca\/index.php\/wp-json\/wp\/v2\/comments?post=2272"}],"version-history":[{"count":5,"href":"https:\/\/www.austral.edu.ar\/escueladegobierno\/casoteca\/index.php\/wp-json\/wp\/v2\/posts\/2272\/revisions"}],"predecessor-version":[{"id":2745,"href":"https:\/\/www.austral.edu.ar\/escueladegobierno\/casoteca\/index.php\/wp-json\/wp\/v2\/posts\/2272\/revisions\/2745"}],"wp:featuredmedia":[{"embeddable":true,"href":"https:\/\/www.austral.edu.ar\/escueladegobierno\/casoteca\/index.php\/wp-json\/wp\/v2\/media\/2274"}],"wp:attachment":[{"href":"https:\/\/www.austral.edu.ar\/escueladegobierno\/casoteca\/index.php\/wp-json\/wp\/v2\/media?parent=2272"}],"wp:term":[{"taxonomy":"category","embeddable":true,"href":"https:\/\/www.austral.edu.ar\/escueladegobierno\/casoteca\/index.php\/wp-json\/wp\/v2\/categories?post=2272"},{"taxonomy":"post_tag","embeddable":true,"href":"https:\/\/www.austral.edu.ar\/escueladegobierno\/casoteca\/index.php\/wp-json\/wp\/v2\/tags?post=2272"}],"curies":[{"name":"wp","href":"https:\/\/api.w.org\/{rel}","templated":true}]}}