{"id":2228,"date":"2017-03-15T20:16:06","date_gmt":"2017-03-15T20:16:06","guid":{"rendered":"http:\/\/casotecabeta.austral.edu.ar\/?p=2228"},"modified":"2023-11-22T20:17:59","modified_gmt":"2023-11-22T20:17:59","slug":"extension-del-same-al-ambact-c14-arprplu","status":"publish","type":"post","link":"https:\/\/www.austral.edu.ar\/escueladegobierno\/casoteca\/index.php\/2017\/03\/15\/extension-del-same-al-ambact-c14-arprplu\/","title":{"rendered":"Extensi\u00f3n del SAME al AMBA (CT-C14-ARPRPLU)"},"content":{"rendered":"<h1>Extensi\u00f3n del Sistema de Atenci\u00f3n M\u00e9dica de Emergencias (SAME) al \u00c1rea Metropolitana de Buenos Aires (AMBA)<\/h1>\n<p><strong>C\u00f3digo Casoteca<\/strong>: <em>CT-C14-ARPRPLU<\/em><\/p>\n<p><strong>Autores<\/strong>:\u00a0Felipe Gonzalez Bartalay, Pilar Raffanelli, Laura Guevara, Ariel Bayon y Asociacion Civil Governeo<\/p>\n<h4><strong>Caso completo<\/strong>:<\/h4>\n<p><a class=\"vc_gitem-link vc_general vc_btn3 vc_btn3-size-md vc_btn3-shape-rounded vc_btn3-style-modern vc_btn3-color-purple\" title=\"Ver Caso\" href=\"https:\/\/www.austral.edu.ar\/escueladegobierno\/casoteca\/wp-content\/uploads\/2017\/03\/14.-Extension-SAME-en-AMBA.pdf\">Ver Caso Completo<\/a><\/p>\n<p><b>Resumen:<\/b><\/p>\n<div class=\"page\" title=\"Page 1\">\n<div class=\"layoutArea\">\n<div class=\"column\">\n<div class=\"page\" title=\"Page 1\">\n<div class=\"layoutArea\">\n<div class=\"column\">\n<p>Inspirada en el modelo de la atenci\u00f3n p\u00fablica de Par\u00eds (Francia), en el a\u00f1o 1.883 se fund\u00f3 en Buenos Aires la Asistencia P\u00fablica, la que comenz\u00f3 a funcionar como un Servicio de Primeros Auxilios en el centro de la ciudad de Buenos Aires durante el transcurso del a\u00f1o 1.897.<br \/>\nCon posterioridad, luego de m\u00e1s de seis d\u00e9cadas, se cre\u00f3 el Centro Informativo Permanente para Emergencias y Cat\u00e1strofes (CIPEC) dependiente de la Secretar\u00eda de Salud de Buenos Aires (a\u00f1o 1963). En sus or\u00edgenes el aludido Centro coordin\u00f3 las comunicaciones para el funcionamiento de las ambulancias y la atenci\u00f3n de las emergencias, ocup\u00e1ndose posteriormente (al suprimirse la Asistencia P\u00fablica) del ordenamiento en el transporte de cad\u00e1veres, la entrega de sangre y las prestaciones en competencias deportivas.<br \/>\nEn el a\u00f1o 1986, las autoridades de la Secretar\u00eda de Salud P\u00fablica y Medio Ambiente de Buenos Aires crearon la figura del Coordinador M\u00e9dico de Urgencia. Su designaci\u00f3n fue mediante concurso entre los profesionales con desempe\u00f1o en las guardias de urgencia de los Hospitales Generales de Agudos y entre sus principales funciones, se encontraban las de brindar asesoramiento m\u00e9dico a la Direcci\u00f3n del CIPEC y representar a la Secretar\u00eda de Salud P\u00fablica y Medio Ambiente en todos los aspectos relacionados con la urgencia.<br \/>\nNo obstante el papel esencial que desempe\u00f1aba el referido Coordinador, en funci\u00f3n del aumento de la demanda en la atenci\u00f3n de urgencias y emergencias m\u00e9dicas, urgi\u00f3 la necesidad de crear una dependencia \u00fanica destinada a organizar las \u00e1reas operativas y de apoyo, las que hasta ese entonces, eran desempe\u00f1adas por sectores dependientes de la Direcci\u00f3n General de Sistemas de Comunicaciones (CIPEC), la Direcci\u00f3n General de Material Rodante (ambulancias) y la Direcci\u00f3n General de Atenci\u00f3n de la Salud (Coordinaci\u00f3n M\u00e9dica). En efecto, mediante el Decreto N\u00ba 3.310 firmado por el -entonces- Intendente Municipal de Buenos Aires con fecha 16 de agosto de 1991, se transfirieron las unidades org\u00e1nicas a la Direcci\u00f3n General Adjunta Sistema de Atenci\u00f3n M\u00e9dica de Emergencia (SAME), la cual fue posteriormente elevada al rango de Direcci\u00f3n General.<br \/>\nM\u00e1s recientemente, el 6 de diciembre de 2005, la Legislatura de la Ciudad Aut\u00f3noma de Buenos Aires sancion\u00f3 la Ley N\u00b0 1.883 bajo el r\u00f3tulo \u201cGesti\u00f3n de Emergencias M\u00e9dicas.\u201d No obstante haber sido totalmente vetada por el Jefe de Gobierno de la Ciudad Aut\u00f3noma de Buenos Aires, la Legislatura porte\u00f1a insisti\u00f3 con su aprobaci\u00f3n, convirtiendo a aquel texto legal en norma vigente.<br \/>\nDicho cuerpo legal prev\u00e9 que \u201cel Gobierno de la Ciudad de Buenos Aires, mediante los subsectores de salud definidos en la Ley N\u00b0 153, brinda a todos los habitantes de la ciudad la prestaci\u00f3n de servicios de salud en situaciones de urgencia y\/o emergencia extrahospitalarias o prehospitalarias entendida como un servicio operacional y de coordinaci\u00f3n para los problemas m\u00e9dicos urgentes y que comprende todos los sistemas de atenci\u00f3n m\u00e9dica y transporte que se presta a enfermos o accidentados fuera del hospital y que constituye una instancia previa al tratamiento de urgencias hospitalarias.\u201d (art. 1\u00b0 Ley cit. y su modif. Ley N\u00b0 2.127). Asimismo, dicho plexo normativo le atribuye competencia para la atenci\u00f3n de los requerimientos del servicio de emergencia extrahospitalarios del subsector estatal, a la autoridad responsable del Sistema de Atenci\u00f3n M\u00e9dica de Emergencia (SAME), quien debe gestionar la atenci\u00f3n de los pacientes en casos de urgencia-emergencia extrahospitalaria, brindando la respuesta m\u00e1s apta a la naturaleza de los auxilios (art. 4, Ley cit.).<br \/>\nEn s\u00edntesis, actualmente el Sistema de Atenci\u00f3n M\u00e9dica de Emergencias (SAME) es un servicio gratuito de atenci\u00f3n m\u00e9dica de urgencias y emergencias, tanto individuales como colectivas, dependiente del Ministerio de Salud de la Ciudad Aut\u00f3noma de Buenos Aires.<\/p>\n<\/div>\n<\/div>\n<\/div>\n<\/div>\n<\/div>\n<\/div>\n","protected":false},"excerpt":{"rendered":"<p>Extensi\u00f3n del Sistema de Atenci\u00f3n M\u00e9dica de Emergencias (SAME) al \u00c1rea Metropolitana de Buenos Aires (AMBA) C\u00f3digo Casoteca: CT-C14-ARPRPLU Autores:\u00a0Felipe Gonzalez Bartalay, Pilar Raffanelli, Laura Guevara, Ariel Bayon y Asociacion Civil Governeo Caso completo: Ver Caso Completo Resumen: Inspirada en el modelo de la atenci\u00f3n p\u00fablica de Par\u00eds (Francia), en el a\u00f1o 1.883 se fund\u00f3 [&hellip;]<\/p>\n","protected":false},"author":1,"featured_media":2230,"comment_status":"open","ping_status":"open","sticky":false,"template":"","format":"image","meta":{"footnotes":""},"categories":[30],"tags":[48,91,92,49,83,90],"_links":{"self":[{"href":"https:\/\/www.austral.edu.ar\/escueladegobierno\/casoteca\/index.php\/wp-json\/wp\/v2\/posts\/2228"}],"collection":[{"href":"https:\/\/www.austral.edu.ar\/escueladegobierno\/casoteca\/index.php\/wp-json\/wp\/v2\/posts"}],"about":[{"href":"https:\/\/www.austral.edu.ar\/escueladegobierno\/casoteca\/index.php\/wp-json\/wp\/v2\/types\/post"}],"author":[{"embeddable":true,"href":"https:\/\/www.austral.edu.ar\/escueladegobierno\/casoteca\/index.php\/wp-json\/wp\/v2\/users\/1"}],"replies":[{"embeddable":true,"href":"https:\/\/www.austral.edu.ar\/escueladegobierno\/casoteca\/index.php\/wp-json\/wp\/v2\/comments?post=2228"}],"version-history":[{"count":5,"href":"https:\/\/www.austral.edu.ar\/escueladegobierno\/casoteca\/index.php\/wp-json\/wp\/v2\/posts\/2228\/revisions"}],"predecessor-version":[{"id":2746,"href":"https:\/\/www.austral.edu.ar\/escueladegobierno\/casoteca\/index.php\/wp-json\/wp\/v2\/posts\/2228\/revisions\/2746"}],"wp:featuredmedia":[{"embeddable":true,"href":"https:\/\/www.austral.edu.ar\/escueladegobierno\/casoteca\/index.php\/wp-json\/wp\/v2\/media\/2230"}],"wp:attachment":[{"href":"https:\/\/www.austral.edu.ar\/escueladegobierno\/casoteca\/index.php\/wp-json\/wp\/v2\/media?parent=2228"}],"wp:term":[{"taxonomy":"category","embeddable":true,"href":"https:\/\/www.austral.edu.ar\/escueladegobierno\/casoteca\/index.php\/wp-json\/wp\/v2\/categories?post=2228"},{"taxonomy":"post_tag","embeddable":true,"href":"https:\/\/www.austral.edu.ar\/escueladegobierno\/casoteca\/index.php\/wp-json\/wp\/v2\/tags?post=2228"}],"curies":[{"name":"wp","href":"https:\/\/api.w.org\/{rel}","templated":true}]}}