{"id":2220,"date":"2017-03-15T19:12:25","date_gmt":"2017-03-15T19:12:25","guid":{"rendered":"http:\/\/casotecabeta.austral.edu.ar\/?p=2220"},"modified":"2023-11-22T20:19:05","modified_gmt":"2023-11-22T20:19:05","slug":"estaciones-saludables-ct-c12-arprsal","status":"publish","type":"post","link":"https:\/\/www.austral.edu.ar\/escueladegobierno\/casoteca\/index.php\/2017\/03\/15\/estaciones-saludables-ct-c12-arprsal\/","title":{"rendered":"Estaciones Saludables (CT-C12-ARPRSAL)"},"content":{"rendered":"<h1>Estaciones Saludables<\/h1>\n<p><strong>C\u00f3digo Casoteca<\/strong>: <em>CT-C12-ARPRSAL<\/em><\/p>\n<p><strong>Autor<\/strong>:\u00a0Octavio Tesone<\/p>\n<h4><strong>Caso completo<\/strong>:<\/h4>\n<p><a class=\"vc_gitem-link vc_general vc_btn3 vc_btn3-size-md vc_btn3-shape-rounded vc_btn3-style-modern vc_btn3-color-purple\" title=\"Ver Caso\" href=\"https:\/\/www.austral.edu.ar\/escueladegobierno\/casoteca\/wp-content\/uploads\/2017\/03\/12.-Estaciones-saludables.pdf\">Ver Caso Completo<\/a><\/p>\n<p><b>Resumen:<\/b><\/p>\n<div class=\"page\" title=\"Page 1\">\n<div class=\"layoutArea\">\n<div class=\"column\">\n<div class=\"page\" title=\"Page 1\">\n<div class=\"layoutArea\">\n<div class=\"column\">\n<p>Laura Rocha escrib\u00eda para La Naci\u00f3n el 26 de Julio de 2012 que \u201cUna chocolatada con galletitas para empezar el d\u00eda, alg\u00fan tipo de carne con papas fritas y un postre que no siempre es una fruta. Muchos snacks, mucha PlayStation o televisi\u00f3n y golosinas varias como premio al buen comportamiento. Y para refrescarse, m\u00e1s gaseosas que jugos naturales. De ejercicio f\u00edsico, ni hablar. Esta es la din\u00e1mica diaria de la mayor\u00eda de los chicos y adolescentes porte\u00f1os. Los n\u00fameros que reflejan esta tendencia son reveladores.<br \/>\nUno de cada cuatro chicos de entre 5 y 12 a\u00f1os padece sobrepeso u obesidad, y m\u00e1s de la mitad ni siquiera pasa una hora por semana al aire libre con sus amigos. Tampoco destina ni una hora, entre lunes y viernes, a actividades f\u00edsicas extraescolares y, en cambio pasan frente al televisor 18 horas semanales. Estas son algunas de las cifras de la primera encuesta nutricional que realiz\u00f3 la Direcci\u00f3n General de Estad\u00edstica y Censos del gobierno porte\u00f1o, que cont\u00f3 con el acompa\u00f1amiento t\u00e9cnico del Centro de Estudios en Nutrici\u00f3n Infantil (Cesni) y Unicef\u201d1.<br \/>\nEn el relato de Laura Rocha encontramos varios de los motivos que impulsaron el Gobierno de la Ciudad de Buenos Aires a desarrollar la pol\u00edtica p\u00fablica de Estaciones Saludable. Es en ese sentido, que Mauricio Macri inauguraba la primer Estaci\u00f3n Saludable en los Bosques de Palermo en mayo de 2012. En ese acto compart\u00eda con los presentes y con la prensa los objetivos del plan de gobierno: \u201cQueremos que los vecinos vengan a estos espacios p\u00fablicos y gratuitos, donde van a recibir instrumentos e informaci\u00f3n muy \u00fatiles para la prevenci\u00f3n y el correcto cuidado de la salud\u201d. El Jefe de Gobierno estaba acompa\u00f1ado por Mar\u00eda Eugenia Vidal, Horacio Rodr\u00edguez Larreta y el doctor Alberto Cormillot mostrando la importancia de la iniciativa para la gesti\u00f3n.<br \/>\nAsimismo, agregaba \u201cSi somos capaces de corregir los malos h\u00e1bitos de vida, podremos tener resultados espectaculares en el cuidado de la salud\u201d2.<br \/>\nEl 26 de Julio de 2012, en la nota de Rocha, Mar\u00eda Eugenia Vidal manisfestaba que: \u201clos porte\u00f1os comemos mal y no hacemos suficiente actividad f\u00edsica. Estamos trabajando en el desarrollo de planes de prevenci\u00f3n de enfermedades cr\u00f3nicas promoviendo h\u00e1bitos m\u00e1s saludables\u201d3, revelando el eje central de la pol\u00edtica p\u00fablica de las Estaciones Saludables: prevenci\u00f3n de las enfermedades cr\u00f3nicas no transmisible y la promoci\u00f3n de h\u00e1bitos saludables.<\/p>\n<\/div>\n<\/div>\n<\/div>\n<\/div>\n<\/div>\n<\/div>\n","protected":false},"excerpt":{"rendered":"<p>Estaciones Saludables C\u00f3digo Casoteca: CT-C12-ARPRSAL Autor:\u00a0Octavio Tesone Caso completo: Ver Caso Completo Resumen: Laura Rocha escrib\u00eda para La Naci\u00f3n el 26 de Julio de 2012 que \u201cUna chocolatada con galletitas para empezar el d\u00eda, alg\u00fan tipo de carne con papas fritas y un postre que no siempre es una fruta. Muchos snacks, mucha PlayStation o [&hellip;]<\/p>\n","protected":false},"author":1,"featured_media":2221,"comment_status":"open","ping_status":"open","sticky":false,"template":"","format":"image","meta":{"footnotes":""},"categories":[30],"tags":[86,84,85,83],"_links":{"self":[{"href":"https:\/\/www.austral.edu.ar\/escueladegobierno\/casoteca\/index.php\/wp-json\/wp\/v2\/posts\/2220"}],"collection":[{"href":"https:\/\/www.austral.edu.ar\/escueladegobierno\/casoteca\/index.php\/wp-json\/wp\/v2\/posts"}],"about":[{"href":"https:\/\/www.austral.edu.ar\/escueladegobierno\/casoteca\/index.php\/wp-json\/wp\/v2\/types\/post"}],"author":[{"embeddable":true,"href":"https:\/\/www.austral.edu.ar\/escueladegobierno\/casoteca\/index.php\/wp-json\/wp\/v2\/users\/1"}],"replies":[{"embeddable":true,"href":"https:\/\/www.austral.edu.ar\/escueladegobierno\/casoteca\/index.php\/wp-json\/wp\/v2\/comments?post=2220"}],"version-history":[{"count":4,"href":"https:\/\/www.austral.edu.ar\/escueladegobierno\/casoteca\/index.php\/wp-json\/wp\/v2\/posts\/2220\/revisions"}],"predecessor-version":[{"id":2748,"href":"https:\/\/www.austral.edu.ar\/escueladegobierno\/casoteca\/index.php\/wp-json\/wp\/v2\/posts\/2220\/revisions\/2748"}],"wp:featuredmedia":[{"embeddable":true,"href":"https:\/\/www.austral.edu.ar\/escueladegobierno\/casoteca\/index.php\/wp-json\/wp\/v2\/media\/2221"}],"wp:attachment":[{"href":"https:\/\/www.austral.edu.ar\/escueladegobierno\/casoteca\/index.php\/wp-json\/wp\/v2\/media?parent=2220"}],"wp:term":[{"taxonomy":"category","embeddable":true,"href":"https:\/\/www.austral.edu.ar\/escueladegobierno\/casoteca\/index.php\/wp-json\/wp\/v2\/categories?post=2220"},{"taxonomy":"post_tag","embeddable":true,"href":"https:\/\/www.austral.edu.ar\/escueladegobierno\/casoteca\/index.php\/wp-json\/wp\/v2\/tags?post=2220"}],"curies":[{"name":"wp","href":"https:\/\/api.w.org\/{rel}","templated":true}]}}