{"id":2196,"date":"2017-03-14T18:39:43","date_gmt":"2017-03-14T18:39:43","guid":{"rendered":"http:\/\/casotecabeta.austral.edu.ar\/?p=2196"},"modified":"2023-11-22T20:21:28","modified_gmt":"2023-11-22T20:21:28","slug":"arsat-la-iniciativa-estatal-para-el-desarrollo-de-tecnologia-de-avanzada-ct-c5-arnctel","status":"publish","type":"post","link":"https:\/\/www.austral.edu.ar\/escueladegobierno\/casoteca\/index.php\/2017\/03\/14\/arsat-la-iniciativa-estatal-para-el-desarrollo-de-tecnologia-de-avanzada-ct-c5-arnctel\/","title":{"rendered":"ARSAT: La iniciativa estatal para el desarrollo de tecnolog\u00eda de avanzada (CT-C5-ARNCTEL)"},"content":{"rendered":"<h1>ARSAT: La iniciativa estatal para el desarrollo de tecnolog\u00eda de avanzada<\/h1>\n<p><strong>C\u00f3digo Casoteca<\/strong>: <em>CT-C5-ARNCTEL<\/em><\/p>\n<p><strong>Autor<\/strong>:\u00a0Maximiliano Marques<\/p>\n<h4><strong>Caso completo<\/strong>:<\/h4>\n<p><a class=\"vc_gitem-link vc_general vc_btn3 vc_btn3-size-md vc_btn3-shape-rounded vc_btn3-style-modern vc_btn3-color-purple\" title=\"Ver Caso\" href=\"https:\/\/www.austral.edu.ar\/escueladegobierno\/casoteca\/wp-content\/uploads\/2017\/03\/5.ARSAT-La-iniciativa-estatal-para-el-desarrollo-de-tecnologia-avanzada.pdf\">Ver Caso Completo<\/a><\/p>\n<p><b>Resumen:<\/b><\/p>\n<div class=\"page\" title=\"Page 1\">\n<div class=\"layoutArea\">\n<div class=\"column\">\n<div class=\"page\" title=\"Page 1\">\n<div class=\"layoutArea\">\n<div class=\"column\">\n<p>\u201cQuiero dirigirme a todos mis compatriotas con un gran orgullo. Pensaba que uno siente que los sue\u00f1os s\u00f3lo ocurren cuando est\u00e1 dormida, pero hoy los sue\u00f1os vemos que tambi\u00e9n se pueden tocar cuando una est\u00e1 despierta. Fue, lo que me pas\u00f3 cuando vi despegar de tierra el ARSAT n\u00famero 1\u201d, manifest\u00f3 la presidente Cristina Fern\u00e1ndez de Kirchner por Cadena Nacional tras observar la transmisi\u00f3n oficial del lanzamiento desde su despacho en la casa de Gobierno. Salud\u00f3 y felicit\u00f3 a todos los cient\u00edficos y agreg\u00f3: \u201cSomos el primer pa\u00eds latinoamericano capaz de producir un sat\u00e9lite geo estacional\u201d. Asimismo, record\u00f3: \u201cParec\u00eda una utop\u00eda, una cosa de locos pero ac\u00e1 estamos en el 2014 poniendo en \u00f3rbita el primer sat\u00e9lite geo estacional en materia de comunicaciones que va a cubrir a toda la Argentina y que va a tener cierto alcance para Uruguay, Paraguay y Chile\u201d. Precis\u00f3 que el sat\u00e9lite demand\u00f3 \u201cuna inversi\u00f3n de m\u00e1s de u$s 1.200 millones de pesos\u201d, que fue \u201checho \u00edntegramente en la Argentina por INVAP, que es la \u00fanica firma autorizada por la NASA\u201d para construir sat\u00e9lite. Y dijo: \u201cEstoy muy contenta porque estoy segura que los sat\u00e9lites no se pueden derogar y es una conquista de todos los argentinos\u201d, y agreg\u00f3: \u201clas alas de ARSAT est\u00e1n desplegadas, las alas de la Argentina est\u00e1n desplegadas. Las alas de la Patria est\u00e1n desplegadas\u201d. Y finaliz\u00f3 recordando que el sat\u00e9lite va a ser controlado desde la planta de Benavidez y que adem\u00e1s se cre\u00f3 en la Argentina un centro de pruebas; \u201cTodas las pruebas se hacen en la Argentina, construido por argentinos con tecnolog\u00eda argentina\u201d.<\/p>\n<\/div>\n<\/div>\n<\/div>\n<\/div>\n<\/div>\n<\/div>\n","protected":false},"excerpt":{"rendered":"<p>ARSAT: La iniciativa estatal para el desarrollo de tecnolog\u00eda de avanzada C\u00f3digo Casoteca: CT-C5-ARNCTEL Autor:\u00a0Maximiliano Marques Caso completo: Ver Caso Completo Resumen: \u201cQuiero dirigirme a todos mis compatriotas con un gran orgullo. Pensaba que uno siente que los sue\u00f1os s\u00f3lo ocurren cuando est\u00e1 dormida, pero hoy los sue\u00f1os vemos que tambi\u00e9n se pueden tocar cuando [&hellip;]<\/p>\n","protected":false},"author":1,"featured_media":2197,"comment_status":"open","ping_status":"open","sticky":false,"template":"","format":"image","meta":{"footnotes":""},"categories":[29],"tags":[64,63,65,67,68,66,62],"_links":{"self":[{"href":"https:\/\/www.austral.edu.ar\/escueladegobierno\/casoteca\/index.php\/wp-json\/wp\/v2\/posts\/2196"}],"collection":[{"href":"https:\/\/www.austral.edu.ar\/escueladegobierno\/casoteca\/index.php\/wp-json\/wp\/v2\/posts"}],"about":[{"href":"https:\/\/www.austral.edu.ar\/escueladegobierno\/casoteca\/index.php\/wp-json\/wp\/v2\/types\/post"}],"author":[{"embeddable":true,"href":"https:\/\/www.austral.edu.ar\/escueladegobierno\/casoteca\/index.php\/wp-json\/wp\/v2\/users\/1"}],"replies":[{"embeddable":true,"href":"https:\/\/www.austral.edu.ar\/escueladegobierno\/casoteca\/index.php\/wp-json\/wp\/v2\/comments?post=2196"}],"version-history":[{"count":4,"href":"https:\/\/www.austral.edu.ar\/escueladegobierno\/casoteca\/index.php\/wp-json\/wp\/v2\/posts\/2196\/revisions"}],"predecessor-version":[{"id":2753,"href":"https:\/\/www.austral.edu.ar\/escueladegobierno\/casoteca\/index.php\/wp-json\/wp\/v2\/posts\/2196\/revisions\/2753"}],"wp:featuredmedia":[{"embeddable":true,"href":"https:\/\/www.austral.edu.ar\/escueladegobierno\/casoteca\/index.php\/wp-json\/wp\/v2\/media\/2197"}],"wp:attachment":[{"href":"https:\/\/www.austral.edu.ar\/escueladegobierno\/casoteca\/index.php\/wp-json\/wp\/v2\/media?parent=2196"}],"wp:term":[{"taxonomy":"category","embeddable":true,"href":"https:\/\/www.austral.edu.ar\/escueladegobierno\/casoteca\/index.php\/wp-json\/wp\/v2\/categories?post=2196"},{"taxonomy":"post_tag","embeddable":true,"href":"https:\/\/www.austral.edu.ar\/escueladegobierno\/casoteca\/index.php\/wp-json\/wp\/v2\/tags?post=2196"}],"curies":[{"name":"wp","href":"https:\/\/api.w.org\/{rel}","templated":true}]}}