{"id":2184,"date":"2017-03-06T22:10:53","date_gmt":"2017-03-06T22:10:53","guid":{"rendered":"http:\/\/casotecabeta.austral.edu.ar\/?p=2184"},"modified":"2023-11-22T20:21:40","modified_gmt":"2023-11-22T20:21:40","slug":"argentina-debate-2015-ct-c4-arncele","status":"publish","type":"post","link":"https:\/\/www.austral.edu.ar\/escueladegobierno\/casoteca\/index.php\/2017\/03\/06\/argentina-debate-2015-ct-c4-arncele\/","title":{"rendered":"Argentina Debate 2015 (CT-C4-ARNCELE)"},"content":{"rendered":"<h1>Argentina Debate 2015: una pol\u00edtica de Estado propuesta e impulsada desde la sociedad civil<\/h1>\n<p><strong>C\u00f3digo Casoteca<\/strong>: <em>CT-C4-ARNCELE<\/em><\/p>\n<p><strong>Autores<\/strong>:\u00a0Hernan Charosky y Cintia Maldonado<\/p>\n<h4><strong>Caso completo<\/strong>:<\/h4>\n<p><a class=\"vc_gitem-link vc_general vc_btn3 vc_btn3-size-md vc_btn3-shape-rounded vc_btn3-style-modern vc_btn3-color-purple\" title=\"Ver Caso\" href=\"https:\/\/www.austral.edu.ar\/escueladegobierno\/casoteca\/wp-content\/uploads\/2017\/03\/4.-Argentina-Debate-2015.pdf\">Ver Caso Completo<\/a><\/p>\n<p><b>Resumen:<\/b><\/p>\n<div class=\"page\" title=\"Page 1\">\n<div class=\"layoutArea\">\n<div class=\"column\">\n<div class=\"page\" title=\"Page 1\">\n<div class=\"layoutArea\">\n<div class=\"column\">\n<p>Durante la primera semana de diciembre de 2015, tras haber alcanzado el objetivo de organizar los primeros debates presidenciales en Argentina, los miembros del Comit\u00e9 Ejecutivo se reunieron para celebrar este hecho hist\u00f3rico y hacer un balance del proceso.<br \/>\nEn la reuni\u00f3n rememoraron los momentos m\u00e1s cr\u00edticos y c\u00f3mo se fueron resolviendo y afrontando los desaf\u00edos que se plantearon en los dos a\u00f1os de existencia de la iniciativa; c\u00f3mo se fue consolidando la metodolog\u00eda de trabajo y c\u00f3mo a trav\u00e9s de reuniones y debates internos se fue construyendo una estrategia de incidencia exitosa desde la sociedad civil que dio lugar a un hecho hist\u00f3rico. El an\u00e1lisis del pasado puso a los integrantes del Comit\u00e9 Ejecutivo en la posici\u00f3n de mirar hacia el futuro y plante\u00f3 el interrogante acerca de cu\u00e1l es el modo de hacer permanente este bien p\u00fablico y, consecuentemente, la estructura de incentivos favorable al debate, as\u00ed como cu\u00e1l deb\u00eda ser el rol de Argentina Debate de cara a los pr\u00f3ximos a\u00f1os.<br \/>\nEste dilema gener\u00f3 posiciones encontradas. Si bien todos los integrantes del Comit\u00e9 Ejecutivo coincidieron en la importancia de que Argentina Debate continuara existiendo, se plante\u00f3 el dilema respecto del alcance de sus actividades y de su rol en tanto actor en la escena p\u00fablica.<\/p>\n<p>Por un lado, algunos integrantes del Comit\u00e9, representados por Francisco, consideraron que Argentina Debate deber\u00eda continuar siendo el actor garante de los debates presidenciales con alta presencia p\u00fablica, sosteniendo la imagen de la marca. Es sector sostuvo que, si bien los dos primeros debates lograron un hecho hist\u00f3rico, para que se conviertan en una tradici\u00f3n y se institucionalicen como parte de la cultura pol\u00edtica de nuestro pa\u00eds, es necesario que en las pr\u00f3ximas elecciones los debates efectivamente ocurran.<br \/>\nEn este sentido, Francisco expres\u00f3 \u201cPara lograr una institucionalizaci\u00f3n estable de los debates, Argentina Debate debe realizar actividades entre elecciones que fomenten la cultura del debate. Esto deber\u00eda apuntar a dos objetivos m\u00e1s inmediatos. Por un lado, fomentar en diversas instancias (electorales y no electorales) una mejor calidad del debate p\u00fablico. Por otro lado, tenemos que mantener vigente la marca y la recordaci\u00f3n p\u00fablica de Argentina Debate. Es deber de esta iniciativa ocupar un rol central, ya no solo por su legitimidad, conocimiento y vinculaci\u00f3n a trav\u00e9s de la red internacional de debates presidenciales, sino fundamentalmente por su experiencia en la organizaci\u00f3n de los primeros debates presidenciales argentinos\u201d. Agreg\u00f3, adem\u00e1s, que: \u201cArgentina Debate dispone de un camino recorrido y cuenta con un prestigio p\u00fablico que debe poner en valor en pos de generar en cada a\u00f1o electoral mejores equilibrios institucionales a trav\u00e9s de debates de mayor calidad\u201d.<br \/>\nFrente a este sector, otros integrantes del Comit\u00e9, representados por Esteban, consideraron que la iniciativa deb\u00eda continuar actuando en su \u00e1mbito de incidencia espec\u00edfico, es decir, en los a\u00f1os de elecciones presidenciales.<br \/>\n\u201cDados los objetivos y misi\u00f3n que planteamos cuando impulsamos esta iniciativa, la realizaci\u00f3n de actividades durante los a\u00f1os no electorales implicar\u00eda extender el alcance que propusimos inicialmente, generando de esta forma una distorsi\u00f3n en las misiones y funciones de Argentina Debate. Personalmente, considero que Argentina Debate dispone de autoridad y conocimiento para contribuir a la organizaci\u00f3n de los debates presidenciales, como actor que siempre ejercer\u00e1 presi\u00f3n social para su realizaci\u00f3n, inclusivo cuando puedan ser otros actores, como los medios de comunicaci\u00f3n o el Estado, quienes est\u00e9n a cargo de la organizaci\u00f3n<\/p>\n<\/div>\n<\/div>\n<\/div>\n<\/div>\n<\/div>\n<\/div>\n","protected":false},"excerpt":{"rendered":"<p>Argentina Debate 2015: una pol\u00edtica de Estado propuesta e impulsada desde la sociedad civil C\u00f3digo Casoteca: CT-C4-ARNCELE Autores:\u00a0Hernan Charosky y Cintia Maldonado Caso completo: Ver Caso Completo Resumen: Durante la primera semana de diciembre de 2015, tras haber alcanzado el objetivo de organizar los primeros debates presidenciales en Argentina, los miembros del Comit\u00e9 Ejecutivo se [&hellip;]<\/p>\n","protected":false},"author":1,"featured_media":2185,"comment_status":"open","ping_status":"open","sticky":false,"template":"","format":"image","meta":{"footnotes":""},"categories":[29],"tags":[61,60,62],"_links":{"self":[{"href":"https:\/\/www.austral.edu.ar\/escueladegobierno\/casoteca\/index.php\/wp-json\/wp\/v2\/posts\/2184"}],"collection":[{"href":"https:\/\/www.austral.edu.ar\/escueladegobierno\/casoteca\/index.php\/wp-json\/wp\/v2\/posts"}],"about":[{"href":"https:\/\/www.austral.edu.ar\/escueladegobierno\/casoteca\/index.php\/wp-json\/wp\/v2\/types\/post"}],"author":[{"embeddable":true,"href":"https:\/\/www.austral.edu.ar\/escueladegobierno\/casoteca\/index.php\/wp-json\/wp\/v2\/users\/1"}],"replies":[{"embeddable":true,"href":"https:\/\/www.austral.edu.ar\/escueladegobierno\/casoteca\/index.php\/wp-json\/wp\/v2\/comments?post=2184"}],"version-history":[{"count":5,"href":"https:\/\/www.austral.edu.ar\/escueladegobierno\/casoteca\/index.php\/wp-json\/wp\/v2\/posts\/2184\/revisions"}],"predecessor-version":[{"id":2754,"href":"https:\/\/www.austral.edu.ar\/escueladegobierno\/casoteca\/index.php\/wp-json\/wp\/v2\/posts\/2184\/revisions\/2754"}],"wp:featuredmedia":[{"embeddable":true,"href":"https:\/\/www.austral.edu.ar\/escueladegobierno\/casoteca\/index.php\/wp-json\/wp\/v2\/media\/2185"}],"wp:attachment":[{"href":"https:\/\/www.austral.edu.ar\/escueladegobierno\/casoteca\/index.php\/wp-json\/wp\/v2\/media?parent=2184"}],"wp:term":[{"taxonomy":"category","embeddable":true,"href":"https:\/\/www.austral.edu.ar\/escueladegobierno\/casoteca\/index.php\/wp-json\/wp\/v2\/categories?post=2184"},{"taxonomy":"post_tag","embeddable":true,"href":"https:\/\/www.austral.edu.ar\/escueladegobierno\/casoteca\/index.php\/wp-json\/wp\/v2\/tags?post=2184"}],"curies":[{"name":"wp","href":"https:\/\/api.w.org\/{rel}","templated":true}]}}